{"id":2214,"date":"2023-03-04T18:47:50","date_gmt":"2023-03-04T17:47:50","guid":{"rendered":"http:\/\/snudifo34.fr\/?p=2214"},"modified":"2023-03-04T18:47:50","modified_gmt":"2023-03-04T17:47:50","slug":"compte-rendu-du-cden-carte-scolaire-1er-degre","status":"publish","type":"post","link":"http:\/\/snudifo34.fr\/index.php\/2023\/03\/04\/compte-rendu-du-cden-carte-scolaire-1er-degre\/","title":{"rendered":"Compte-rendu du CDEN Carte scolaire 1er degr\u00e9"},"content":{"rendered":"\n<p>Le mardi 14 f\u00e9vrier 2023, s&rsquo;est tenu un CDEN Carte scolaire pour le 1er Degr\u00e9.<\/p>\n\n\n\n<h2 class=\"wp-block-heading\"><strong>En pr\u00e9sence de\u00a0:<\/strong><\/h2>\n\n\n\n<p>M Moutouh, Pr\u00e9fet<\/p>\n\n\n\n<p>Mme Sebbar, Personne Qualifi\u00e9e de Pr\u00e9fecture<\/p>\n\n\n\n<p><strong>Administration\u00a0:<\/strong><\/p>\n\n\n\n<p>M Mauny, DASEN,<\/p>\n\n\n\n<p>M. Calvat +2 autres membres, Conseil d\u00e9partemental,<\/p>\n\n\n\n<p>M. Bost, DASEN Adjoint pour le 1er degr\u00e9,<\/p>\n\n\n\n<p>M. Raymond, DASEN adjoint,<\/p>\n\n\n\n<p>Mme Masneuf, secr\u00e9taire g\u00e9n\u00e9rale,<\/p>\n\n\n\n<p>+ 2 autres membres de l&rsquo;administration<\/p>\n\n\n\n<p>Mme Deldem, DDEN<\/p>\n\n\n\n<p><strong>Elus\u00a0:<\/strong><\/p>\n\n\n\n<p>Mme Dombre-Coste ( Mairie de Montpellier),<\/p>\n\n\n\n<p>M Polard, Maire de Capestang,<\/p>\n\n\n\n<p>M. Doutremepuich, Maire de Causse de la Selle<\/p>\n\n\n\n<p><strong>Parents d&rsquo;\u00e9l\u00e8ves\u00a0:<\/strong><\/p>\n\n\n\n<p>Ms. Raffi, et Cros, PEEP,<\/p>\n\n\n\n<p>Mme Barylo, M. Bowen, Mme Durand, FCPE<\/p>\n\n\n\n<p><strong>Repr\u00e9sentants syndicaux\u00a0:\u00a0<\/strong><\/p>\n\n\n\n<p>2 UNSA , 4 FSU, 2 SNALC, <strong>1 FNEC FP FO<\/strong>, 1 SUD<\/p>\n\n\n\n<p>Toutes les d\u00e9clarations des organisations syndicales (voir la <a href=\"http:\/\/snudifo34.fr\/wp-content\/uploads\/2023\/03\/decla-cden.pdf\" target=\"_blank\" rel=\"noreferrer noopener\">d\u00e9claration liminaire de la FNEC FP FO<\/a>) ont soulign\u00e9 l&rsquo;insuffisance des moyens et la puissance de la mobilisation actuelle contre la r\u00e9forme des retraites.<\/p>\n\n\n\n<p>Seule la FCPE s&rsquo;est f\u00e9licit\u00e9 de la carte scolaire&nbsp;: \u00ab&nbsp;heureux des ouvertures ramenant les effectifs \u00e0 25, c&rsquo;est une tendance encourageante&nbsp;\u00bb, m\u00eame si pas totalement satisfaite des failles (coll\u00e8ge, Pial, Ulis, Aesh)<\/p>\n\n\n\n<p>La PEEP n&rsquo;a pas fait de d\u00e9claration.<\/p>\n\n\n\n<p>La DDEN a insist\u00e9 sur l&rsquo;indigence de la m\u00e9decine scolaire, la n\u00e9cessit\u00e9 d&rsquo;abroger la loi Debr\u00e9 et d&rsquo;imposer la mixit\u00e9 au priv\u00e9.<\/p>\n\n\n\n<h2 class=\"wp-block-heading\">Pr\u00e9sentation de la carte scolaire par le DASEN<\/h2>\n\n\n\n<p>\u00ab&nbsp;Seules 4 acad\u00e9mies ont des dotations positives&nbsp;: + 17 postes pour la notre, +22 postes pour l&rsquo;H\u00e9rault, nationalement &#8211; 667 moyens d\u2019enseignement 1er degr\u00e9&nbsp;;<\/p>\n\n\n\n<p>P\/E = 5,3<\/p>\n\n\n\n<p>P\/E en \u00e9ducation prioritaire = 7,50<\/p>\n\n\n\n<p>P\/E hors \u00e9ducation prioritaire&nbsp;= 5,45<\/p>\n\n\n\n<p>moins 601 \u00e9l\u00e8ves pr\u00e9vus<\/p>\n\n\n\n<p>E\/C \u00e9l\u00e9mentaire avec ulis 22,42<\/p>\n\n\n\n<p>E\/C moyen 23<\/p>\n\n\n\n<p>E\/C \u00e9ducation prioritaire = 17,96<\/p>\n\n\n\n<p>E\/C hors \u00e9ducation prioritaire = 24,06<\/p>\n\n\n\n<p>4228 classes et 82 Ulis<\/p>\n\n\n\n<p>Les fusions sont propos\u00e9es dans l\u2019int\u00e9r\u00eat de l\u2019enfant pour la continuit\u00e9, permettent la d\u00e9charge enti\u00e8re pour le directeur&nbsp;; si on revient sur des fusions, je vais fermer des classes.<\/p>\n\n\n\n<p>Taux de remplacement&nbsp;:7,75% en 2013, 10,66% en 2023<\/p>\n\n\n\n<p>82,40% des postes sont face \u00e0 \u00e9l\u00e8ves (dont Ulis)<\/p>\n\n\n\n<p>17,60% hors \u00e9l\u00e8ves<\/p>\n\n\n\n<p>15 postes Rased sont vacants, aucun int\u00e9r\u00eat d&rsquo;en faire en plus.<\/p>\n\n\n\n<p>La m\u00e9thode est la m\u00eame depuis 5 ans&nbsp;: &nbsp;attention sur les zones de montagne, rurales, quartiers politique de la ville<\/p>\n\n\n\n<p>application des priorit\u00e9s minist\u00e9rielles&nbsp;: maintien de la priorit\u00e9 au 1<sup>er<\/sup> degr\u00e9, plafonnement \u00e0 24, d\u00e9doublements GS Rep +, d\u00e9charge de directeurs, \u00e9cole inclusive<\/p>\n\n\n\n<p>69 ouvertures, 69 fermetures&nbsp;; il nous reste 1 poste, ce sera du 1<sup>er<\/sup> degr\u00e9<\/p>\n\n\n\n<p>4 ULIS en 1<sup>er<\/sup> degr\u00e9, car il faut un \u00e9quilibre n\u00e9cessaire avec le 2<sup>nd<\/sup> degr\u00e9<\/p>\n\n\n\n<p>Mais je manque de ressources&nbsp;: les enseignants d\u2019ULIS ne veulent pas enseigner en ULIS.<\/p>\n\n\n\n<p>Il y aura de l\u2019ajustement, j\u2019utiliserai du poste vacant, tout le monde est pr\u00e9venu.<\/p>\n\n\n\n<p>La projection a \u00e9t\u00e9 faite&nbsp;sur 600 \u00e9l\u00e8ves th\u00e9oriques de plus&nbsp;: on peut aussi fermer en juin.&nbsp;\u00bb<strong><\/strong><\/p>\n\n\n\n<h2 class=\"wp-block-heading\">Interventions FNEC FP FO\u00a0<\/h2>\n\n\n\n<p>\u00ab&nbsp;Nous demandons&nbsp;l&rsquo;annulation des fermetures \u00e0:<\/p>\n\n\n\n<ul class=\"wp-block-list\"><li>Abeilhan&nbsp;: cela ferait monter la moyenne au dessus de 24&nbsp;; pour une raison purement administrative, la mairie n&rsquo;a pas obtenu le permis de lotir, 70 logements, alors m\u00eame qu&rsquo;elle a entrepris cette d\u00e9marche afin de pouvoir pr\u00e9server l&rsquo;\u00e9cole, qu&rsquo;elle y a investit depuis plusieurs ann\u00e9es sur 2 classes suppl\u00e9mentaires avec les personnels n\u00e9cessaires. Or cette autorisation va bient\u00f4t \u00eatre donn\u00e9e, et les logements livr\u00e9s. Cette \u00e9cole accueille \u00e9galement de nombreux \u00e9l\u00e8ves notifi\u00e9s. La mairie s&rsquo;\u00e9tonne par ailleurs de l&rsquo;attention qui est donn\u00e9e \u00e0 la moindre petite baisse des effectifs, alors que quand les classes \u00e9taient \u00e0 30, personne ne s&rsquo;est pos\u00e9 la question d&rsquo;ouvrir.<\/li><\/ul>\n\n\n\n<ul class=\"wp-block-list\"><li>Goethe&nbsp;: \u00e9cart sur le pr\u00e9visionnel, 74 au lieu de 85, sur quoi vous \u00eates vous bas\u00e9s&nbsp;? La moyenne serait sup\u00e9rieure \u00e0 26 avec une fermeture, dans ce quartier qui est paup\u00e9ris\u00e9.<\/li><\/ul>\n\n\n\n<ul class=\"wp-block-list\"><li>Dickens\/Frank&nbsp;: \u00e9cart de + 20 sur les pr\u00e9visions&nbsp;: 437 au lieu de 417, la moyenne est sup\u00e9rieur \u00e0 24, avec de nombreux \u00e9l\u00e8ves notifi\u00e9s, et un IPS \u00e0 88.<\/li><\/ul>\n\n\n\n<ul class=\"wp-block-list\"><li>Pasteur&nbsp;: l\u00e0 encore \u00e9cart sur les pr\u00e9visions de + 10 \u00e9l\u00e8ves, avec une fermeture la moyenne sera sup\u00e9rieure \u00e0 30. Il y a une anomalie sur les inscriptions, nous vous avons demand\u00e9 pourquoi les enfants ne sont pas inscrits \u00e0 Pasteur alors que les \u00e9coles alentours sont \u00e0 26\/27, vous nous avez r\u00e9pondu en CSA qu&rsquo;il fallait poser la question \u00e0 la mairie, nous demandons donc \u00e0 la mairie pourquoi cette anomalie sur les inscriptions&nbsp;?<\/li><\/ul>\n\n\n\n<p>Nous demandons des ouvertures \u00e0&nbsp;:<\/p>\n\n\n\n<ul class=\"wp-block-list\"><li>Simon&nbsp;: \u00e9cart sur les pr\u00e9visions&nbsp;:191 \u00e9l\u00e8ves pr\u00e9vus (185 sur base, moyenne \u00e0 26,43), moyenne \u00e0 27\/28, avec ouverture la moyenne serait \u00e0 23,80, l&rsquo;\u00e9cole a une Ulis \u00e0 13 avec 4 notifi\u00e9s IME, et une UP2A, et pourtant cette ann\u00e9e, suppression de 0,17 de la quotit\u00e9 de d\u00e9charge pour la direction. Cette d\u00e9charge existe et est renouvel\u00e9e depuis 2008, cela fait 15 ans. Qu&rsquo;est ce qui justifie sa suppression cette ann\u00e9e&nbsp;?<\/li><\/ul>\n\n\n\n<ul class=\"wp-block-list\"><li>Courbet&nbsp;: la moyenne est \u00e0 26,15, avec une ouverture elle sera \u00e0 24,28&nbsp;; avec les CP et CE1 \u00e0 24, les CE2 et cycle 3 sont surcharg\u00e9s \u00e0 29\/30. Il y a&nbsp; beaucoup d&rsquo;\u00e9l\u00e8ves notifi\u00e9s&nbsp;; des logement vont \u00eatre livr\u00e9s \u00e0 la rentr\u00e9e 2023 et d\u00e9but 2024&nbsp;; un local est disponible<\/li><\/ul>\n\n\n\n<ul class=\"wp-block-list\"><li>Enfin nous demandons l&rsquo;annulation de la fusion \u00e0 Baudelaire et Kipling, les parents et les \u00e9quipes ont vot\u00e9 contre aux 2 conseils d&rsquo;\u00e9coles, vous dites travailler avec les \u00e9quipes lorsqu&rsquo;il s&rsquo;agit d&rsquo;implanter des Ulis, pourquoi imposer la fusion&nbsp;?&nbsp;\u00bb<\/li><\/ul>\n\n\n\n<p>M Polard, maire de Capestang est intervenu \u00e9galement en d\u00e9fense d&rsquo;Abeilhan, en soulignant 3 points&nbsp;: la d\u00e9mographie, les investissements de la mairie, les effectifs<\/p>\n\n\n\n<h2 class=\"wp-block-heading\">D\u00e9cisions du DASEN\u00a0<\/h2>\n\n\n\n<ul class=\"wp-block-list\"><li>annulation de la fermeture \u00e0 Abeilhan, obtenue gr\u00e2ce \u00e0 notre intervention et celle de M Polard<\/li><li>maintien des autres d\u00e9cisions<\/li><\/ul>\n\n\n\n<h2 class=\"wp-block-heading\">VOTE&nbsp;: <strong><br><\/strong><\/h2>\n\n\n\n<p><strong>10 CONTRE ( tous les syndicats)<\/strong><\/p>\n\n\n\n<p>7 POUR<\/p>\n\n\n\n<p>1 ABSTENTION<\/p>\n\n\n\n<p>1 NPPV (FCPE ne prend pas part au vote)<strong><br><\/strong><\/p>\n\n\n\n<h2 class=\"wp-block-heading\"><strong>Autres points \u00e0 l&rsquo;ordre du jour du CDEN&nbsp;<\/strong><\/h2>\n\n\n\n<p><strong>1) Sectorisation de la commune de Saint Genies des Mourgues<\/strong><\/p>\n\n\n\n<ul class=\"wp-block-list\"><li>Pr\u00e9sentation g\u00e9n\u00e9rale 2nd degr\u00e9 par DASEN<\/li><\/ul>\n\n\n\n<p>40 ETP cr\u00e9\u00e9s sur l&rsquo;acad\u00e9mie dont 21.8 pour l&rsquo;H\u00e9rault, se f\u00e9licite de la stabilit\u00e9 de l\u2019effectif par classe, donc la rentr\u00e9e 2023 s\u2019annonce bien dans les coll\u00e8ges avec ces chiffres stables combin\u00e9s \u00e0 l&rsquo;ouverture de 19 divisions permettant +572 \u00e9l\u00e8ves dans d\u00e9partement.<\/p>\n\n\n\n<ul class=\"wp-block-list\"><li>Sectorisation St Genies<\/li><\/ul>\n\n\n\n<p>M CALVAT (Conseil d\u00e9partemental) rappelle la m\u00e9thode de la sectorisation&nbsp;: r\u00e9unions pr\u00e9alables le 10\/01 avec chefs d\u2019\u00e9tablissement, \u00e9lus des communes, repr\u00e9sentants syndicats et parents d\u2019\u00e9l\u00e8ves, affiche que cette sectorisation a re\u00e7u l&rsquo;avis favorable de la part de toutes les personnes consult\u00e9es.<\/p>\n\n\n\n<p>Les repr\u00e9sentants syndicaux pr\u00e9sents rappellent que la r\u00e9union pr\u00e9alable n\u2019est pas une instance de d\u00e9cision, aucun vote n\u2019a \u00e9t\u00e9 effectu\u00e9 et demandent que la mention avis favorable soit retir\u00e9 du document de pr\u00e9sentation.<\/p>\n\n\n\n<p><strong>VOTE\u00a0:<\/strong><\/p>\n\n\n\n<p>11 POUR<\/p>\n\n\n\n<p>0 CONTRE<\/p>\n\n\n\n<p>8 ABSTENTIONS<br><\/p>\n\n\n\n<div data-wp-interactive=\"core\/file\" class=\"wp-block-file\"><object data-wp-bind--hidden=\"!state.hasPdfPreview\" hidden class=\"wp-block-file__embed\" data=\"http:\/\/snudifo34.fr\/wp-content\/uploads\/2023\/03\/decla-cden.pdf\" type=\"application\/pdf\" style=\"width:100%;height:600px\" aria-label=\"Contenu embarqu\u00e9 Contenu embarqu\u00e9 D\u00e9claration liminaire de la FNEC..\"><\/object><a id=\"wp-block-file--media-bdc79de9-33dd-4012-b78b-6d7c3c35b147\" href=\"http:\/\/snudifo34.fr\/wp-content\/uploads\/2023\/03\/decla-cden.pdf\">D\u00e9claration liminaire de la FNEC<\/a><a href=\"http:\/\/snudifo34.fr\/wp-content\/uploads\/2023\/03\/decla-cden.pdf\" class=\"wp-block-file__button\" download aria-describedby=\"wp-block-file--media-bdc79de9-33dd-4012-b78b-6d7c3c35b147\">T\u00e9l\u00e9charger<\/a><\/div>\n","protected":false},"excerpt":{"rendered":"<div class=\"mh-excerpt\"><p>Le mardi 14 f\u00e9vrier 2023, s&rsquo;est tenu un CDEN Carte scolaire pour le 1er Degr\u00e9. En pr\u00e9sence de\u00a0: M Moutouh, Pr\u00e9fet Mme Sebbar, Personne Qualifi\u00e9e <a class=\"mh-excerpt-more\" href=\"http:\/\/snudifo34.fr\/index.php\/2023\/03\/04\/compte-rendu-du-cden-carte-scolaire-1er-degre\/\" title=\"Compte-rendu du CDEN Carte scolaire 1er degr\u00e9\">[&#8230;]<\/a><\/p>\n<\/div>","protected":false},"author":1,"featured_media":2216,"comment_status":"closed","ping_status":"open","sticky":false,"template":"","format":"standard","meta":{"cybocfi_hide_featured_image":"","footnotes":""},"categories":[298],"tags":[107,413],"class_list":["post-2214","post","type-post","status-publish","format-standard","has-post-thumbnail","hentry","category-csasd-csa-academique","tag-carte-scolaire","tag-cden"],"_links":{"self":[{"href":"http:\/\/snudifo34.fr\/index.php\/wp-json\/wp\/v2\/posts\/2214","targetHints":{"allow":["GET"]}}],"collection":[{"href":"http:\/\/snudifo34.fr\/index.php\/wp-json\/wp\/v2\/posts"}],"about":[{"href":"http:\/\/snudifo34.fr\/index.php\/wp-json\/wp\/v2\/types\/post"}],"author":[{"embeddable":true,"href":"http:\/\/snudifo34.fr\/index.php\/wp-json\/wp\/v2\/users\/1"}],"replies":[{"embeddable":true,"href":"http:\/\/snudifo34.fr\/index.php\/wp-json\/wp\/v2\/comments?post=2214"}],"version-history":[{"count":1,"href":"http:\/\/snudifo34.fr\/index.php\/wp-json\/wp\/v2\/posts\/2214\/revisions"}],"predecessor-version":[{"id":2217,"href":"http:\/\/snudifo34.fr\/index.php\/wp-json\/wp\/v2\/posts\/2214\/revisions\/2217"}],"wp:featuredmedia":[{"embeddable":true,"href":"http:\/\/snudifo34.fr\/index.php\/wp-json\/wp\/v2\/media\/2216"}],"wp:attachment":[{"href":"http:\/\/snudifo34.fr\/index.php\/wp-json\/wp\/v2\/media?parent=2214"}],"wp:term":[{"taxonomy":"category","embeddable":true,"href":"http:\/\/snudifo34.fr\/index.php\/wp-json\/wp\/v2\/categories?post=2214"},{"taxonomy":"post_tag","embeddable":true,"href":"http:\/\/snudifo34.fr\/index.php\/wp-json\/wp\/v2\/tags?post=2214"}],"curies":[{"name":"wp","href":"https:\/\/api.w.org\/{rel}","templated":true}]}}