{"id":2379,"date":"2023-03-21T22:25:46","date_gmt":"2023-03-21T21:25:46","guid":{"rendered":"http:\/\/snudifo34.fr\/?p=2379"},"modified":"2023-03-21T22:28:15","modified_gmt":"2023-03-21T21:28:15","slug":"face-au-deni-de-democratie-decidons-la-greve-pour-le-retrait","status":"publish","type":"post","link":"http:\/\/snudifo34.fr\/index.php\/2023\/03\/21\/face-au-deni-de-democratie-decidons-la-greve-pour-le-retrait\/","title":{"rendered":"Face au d\u00e9ni de d\u00e9mocratie, d\u00e9cidons la gr\u00e8ve pour le retrait"},"content":{"rendered":"\n<p>Depuis le 49.3 jeudi 16 mars, pas un jour sans manifestation, ou rassemblement, des dizaines de milliers de manifestants dans toute la France.<\/p>\n\n\n\n<p>Samedi, nous \u00e9tions 3000 dans les rues de Montpellier \u00e0 l&rsquo;appel de l&rsquo;intersyndicale SNUDI FO, SNUIPP, SUD et CNT.<\/p>\n\n\n\n<p>Un 49.3 pourquoi ? Parce que Macron est mis en \u00e9chec, son gouvernement est en \u00e9chec. Ils sont minoritaires partout, au Parlement, dans la rue, dans la population avec 75% qui rejette toujours la r\u00e9forme. C&rsquo;est nous tous qui l&rsquo;avons mis en \u00e9chec, par la gr\u00e8ve, sa reconduction dans plusieurs secteurs, par les millions qui sont descendus dans la rue depuis le 19 janvier, par les blocages, par cette r\u00e9sistance acharn\u00e9e des salari\u00e9s, de la jeunesse, de la population, avec leurs organisations syndicales unies qui exigent le retrait.<\/p>\n\n\n\n<p>La majorit\u00e9 de la population nous soutient, malgr\u00e9 les tentatives des m\u00e9dias et du gouvernement pur nous discr\u00e9diter, ils continuent \u00e0 dire \u00ab ils ont raison \u00bb !<\/p>\n\n\n\n<p>Nous sommes des millions, en face ils ne sont qu&rsquo;une poign\u00e9e, divis\u00e9s et aux abois. La presse \u00e9trang\u00e8re titre sur la d\u00e9faite de Macron.<\/p>\n\n\n\n<p>Notre mobilisation est historique, \u00e0 Montpellier nous \u00e9tions 45 000 le 7 mars, le 49.3 ne fait que la renforcer.<\/p>\n\n\n\n<p>Nous, enseignants des \u00e9coles, AESH, des femmes principalement, nous refusons de travailler 2 ans de plus. Nous refusons d&rsquo;avoir des retraites r\u00e9duites par les d\u00e9cotes parce qu&rsquo;on n&rsquo;arrivera pas \u00e0 avoir le nombre d&rsquo;ann\u00e9es de cotisation suffisant, qu&rsquo;ils augmentent sans cesse. Ajoutez \u00e0 cela des conditions de travail de plus en plus d\u00e9grad\u00e9es, p\u00e9nibles, parfois intenables, avec les suppressions de postes, les fermetures de classe, le manque criant de places en \u00e9tablissements sp\u00e9cialis\u00e9s ou en ULIS, de RASED, les pressions, le m\u00e9pris de notre hi\u00e9rarchie, et des bas salaires.<\/p>\n\n\n\n<h2 class=\"wp-block-heading\">Ca suffit ! Alors continuons la gr\u00e8ve !<\/h2>\n\n\n\n<p>Oui c&rsquo;est difficile, oui on perd des journ\u00e9es de salaire, mais chacun a sa part \u00e0 prendre pour faire plier ce gouvernement. Peut-on laisser certains secteurs en gr\u00e8ve reconductible se battre sans nous ? On peut  bloquer nous aussi, en fermant le plus d&rsquo;\u00e9coles possibles le 23 mars.<\/p>\n\n\n\n<p>Continuons \u00e0 discuter de ces questions \u00e9cole par \u00e9cole, convaincre ceux qui doutent, qui h\u00e9sitent, sans s&rsquo;\u00e9nerver, pour amplifier la gr\u00e8ve.<\/p>\n\n\n\n<p><strong>Le SNUDI FO 34 appelle donc les personnels des \u00e9coles \u00e0 :<\/strong><\/p>\n\n\n\n<ul class=\"wp-block-list\"><li><strong>envoyer les intentions de gr\u00e8ve pour toute la p\u00e9riode, jusqu&rsquo;aux vacances<\/strong><\/li><li><strong>se r\u00e9unir partout d\u00e8s lundi, sur leur lieu de travail. C&rsquo;est le moment d&rsquo;aller tous en AG pour<\/strong> <strong>rompre notre isolement, pour discuter de la gr\u00e8ve, prendre des d\u00e9cisions, et les faire<\/strong> <strong>conna\u00eetre par tous les moyens possibles.<\/strong><\/li><li><strong>Nous appelons les parents \u00e0 soutenir les coll\u00e8gues gr\u00e9vistes et \u00e0 organiser des op\u00e9ration \u00e9cole morte.<\/strong><\/li><\/ul>\n\n\n\n<p>Le SNUDI FO 34 adresse tout son soutien aux coll\u00e8gues du 2nd degr\u00e9 en gr\u00e8ve d\u00e8s lundi pour le Bac, aux \u00e9tudiants qui bloquent, aux cheminots, et \u00e0 tous ceux qui sont engag\u00e9s dans ce bras de fer. <\/p>\n\n\n\n<p class=\"has-text-align-center has-vivid-red-color has-text-color has-medium-font-size\"><strong>Plus que jamais, \u00e9tendons et organisons la gr\u00e8ve, jusqu&rsquo;au retrait, jusqu&rsquo;\u00e0 la victoire !<br>Et nous ouvrirons la voie pour les autres revendications.<br>Tous ensemble, on bloque tout, on va gagner !<br><\/strong><\/p>\n\n\n\n<h2 class=\"wp-block-heading\">Rendez-vous du jeudi 23 mars :<\/h2>\n\n\n\n<ul class=\"wp-block-list\"><li>10h30 : Place de la Mairie (S\u00e8te)<\/li><li>10h30 : Bourse du Travail (B\u00e9ziers)<\/li><li>10h30 : Maison des syndicats (B\u00e9darieux)<\/li><li>11h : Sous-Pr\u00e9fecture (Lod\u00e8ve)<\/li><li>12h : Mairie (Ganges)<\/li><\/ul>\n\n\n\n<p><\/p>\n\n\n\n<h2 class=\"wp-block-heading\">Communiqu\u00e9s :<\/h2>\n\n\n\n<div data-wp-interactive=\"core\/file\" class=\"wp-block-file\"><object data-wp-bind--hidden=\"!state.hasPdfPreview\" hidden class=\"wp-block-file__embed\" data=\"http:\/\/snudifo34.fr\/wp-content\/uploads\/2023\/03\/23-03-20-Nous-ne-lacherons-rien-jusquau-retrait.pdf\" type=\"application\/pdf\" style=\"width:100%;height:600px\" aria-label=\"Contenu embarqu\u00e9 Contenu embarqu\u00e9 FNEC FP FO : Nous ne l\u00e2cherons rien jusqu&apos;au retrait..\"><\/object><a id=\"wp-block-file--media-149d0659-f02a-49a5-ad06-e21c2eb9a733\" href=\"http:\/\/snudifo34.fr\/wp-content\/uploads\/2023\/03\/23-03-20-Nous-ne-lacherons-rien-jusquau-retrait.pdf\">FNEC FP FO : Nous ne l\u00e2cherons rien jusqu&rsquo;au retrait<\/a><a href=\"http:\/\/snudifo34.fr\/wp-content\/uploads\/2023\/03\/23-03-20-Nous-ne-lacherons-rien-jusquau-retrait.pdf\" class=\"wp-block-file__button\" download aria-describedby=\"wp-block-file--media-149d0659-f02a-49a5-ad06-e21c2eb9a733\">T\u00e9l\u00e9charger<\/a><\/div>\n\n\n\n<div style=\"height:21px\" aria-hidden=\"true\" class=\"wp-block-spacer\"><\/div>\n\n\n\n<div data-wp-interactive=\"core\/file\" class=\"wp-block-file\"><object data-wp-bind--hidden=\"!state.hasPdfPreview\" hidden class=\"wp-block-file__embed\" data=\"http:\/\/snudifo34.fr\/wp-content\/uploads\/2023\/03\/com-snudi20-mars.pdf\" type=\"application\/pdf\" style=\"width:100%;height:600px\" aria-label=\"Contenu embarqu\u00e9 Contenu embarqu\u00e9 Communiqu\u00e9 du SNUDI-FO 34..\"><\/object><a id=\"wp-block-file--media-98b89ced-e3e4-4df4-9d83-436f27f88795\" href=\"http:\/\/snudifo34.fr\/wp-content\/uploads\/2023\/03\/com-snudi20-mars.pdf\">Communiqu\u00e9 du SNUDI-FO 34<\/a><a href=\"http:\/\/snudifo34.fr\/wp-content\/uploads\/2023\/03\/com-snudi20-mars.pdf\" class=\"wp-block-file__button\" download aria-describedby=\"wp-block-file--media-98b89ced-e3e4-4df4-9d83-436f27f88795\">T\u00e9l\u00e9charger<\/a><\/div>\n\n\n\n<div style=\"height:29px\" aria-hidden=\"true\" class=\"wp-block-spacer\"><\/div>\n\n\n\n<h2 class=\"wp-block-heading\">Motion \u00e0 discuter en Conseil des ma\u00eetres<\/h2>\n\n\n\n<div class=\"wp-block-file\"><a id=\"wp-block-file--media-5cf47dc9-4fac-4b3e-8890-b04906dbb555\" href=\"http:\/\/snudifo34.fr\/wp-content\/uploads\/2023\/03\/motion-type1.doc\">Mod\u00e8le de motion<\/a><a href=\"http:\/\/snudifo34.fr\/wp-content\/uploads\/2023\/03\/motion-type1.doc\" class=\"wp-block-file__button\" download aria-describedby=\"wp-block-file--media-5cf47dc9-4fac-4b3e-8890-b04906dbb555\">T\u00e9l\u00e9charger<\/a><\/div>\n\n\n\n<div style=\"height:48px\" aria-hidden=\"true\" class=\"wp-block-spacer\"><\/div>\n","protected":false},"excerpt":{"rendered":"<div class=\"mh-excerpt\"><p>Depuis le 49.3 jeudi 16 mars, pas un jour sans manifestation, ou rassemblement, des dizaines de milliers de manifestants dans toute la France. Samedi, nous <a class=\"mh-excerpt-more\" href=\"http:\/\/snudifo34.fr\/index.php\/2023\/03\/21\/face-au-deni-de-democratie-decidons-la-greve-pour-le-retrait\/\" title=\"Face au d\u00e9ni de d\u00e9mocratie, d\u00e9cidons la gr\u00e8ve pour le retrait\">[&#8230;]<\/a><\/p>\n<\/div>","protected":false},"author":1,"featured_media":2383,"comment_status":"closed","ping_status":"open","sticky":false,"template":"","format":"standard","meta":{"cybocfi_hide_featured_image":"","footnotes":""},"categories":[15],"tags":[418,407,59,420,419],"class_list":["post-2379","post","type-post","status-publish","format-standard","has-post-thumbnail","hentry","category-communiques","tag-49-3","tag-contre-reforme-des-retraites","tag-greve","tag-mobilisation","tag-retrait"],"_links":{"self":[{"href":"http:\/\/snudifo34.fr\/index.php\/wp-json\/wp\/v2\/posts\/2379","targetHints":{"allow":["GET"]}}],"collection":[{"href":"http:\/\/snudifo34.fr\/index.php\/wp-json\/wp\/v2\/posts"}],"about":[{"href":"http:\/\/snudifo34.fr\/index.php\/wp-json\/wp\/v2\/types\/post"}],"author":[{"embeddable":true,"href":"http:\/\/snudifo34.fr\/index.php\/wp-json\/wp\/v2\/users\/1"}],"replies":[{"embeddable":true,"href":"http:\/\/snudifo34.fr\/index.php\/wp-json\/wp\/v2\/comments?post=2379"}],"version-history":[{"count":2,"href":"http:\/\/snudifo34.fr\/index.php\/wp-json\/wp\/v2\/posts\/2379\/revisions"}],"predecessor-version":[{"id":2385,"href":"http:\/\/snudifo34.fr\/index.php\/wp-json\/wp\/v2\/posts\/2379\/revisions\/2385"}],"wp:featuredmedia":[{"embeddable":true,"href":"http:\/\/snudifo34.fr\/index.php\/wp-json\/wp\/v2\/media\/2383"}],"wp:attachment":[{"href":"http:\/\/snudifo34.fr\/index.php\/wp-json\/wp\/v2\/media?parent=2379"}],"wp:term":[{"taxonomy":"category","embeddable":true,"href":"http:\/\/snudifo34.fr\/index.php\/wp-json\/wp\/v2\/categories?post=2379"},{"taxonomy":"post_tag","embeddable":true,"href":"http:\/\/snudifo34.fr\/index.php\/wp-json\/wp\/v2\/tags?post=2379"}],"curies":[{"name":"wp","href":"https:\/\/api.w.org\/{rel}","templated":true}]}}