{"id":2614,"date":"2023-03-25T21:55:00","date_gmt":"2023-03-25T20:55:00","guid":{"rendered":"http:\/\/snudifo34.fr\/?p=2614"},"modified":"2023-03-27T22:07:55","modified_gmt":"2023-03-27T20:07:55","slug":"face-au-49-3-de-macron-greves-blocages-et-manifestations-monstres-pour-le-retrait","status":"publish","type":"post","link":"http:\/\/snudifo34.fr\/index.php\/2023\/03\/25\/face-au-49-3-de-macron-greves-blocages-et-manifestations-monstres-pour-le-retrait\/","title":{"rendered":"Face au 49.3 de Macron, gr\u00e8ves, blocages et manifestations monstres pour le retrait !"},"content":{"rendered":"\n<p>60 000 \u00e0 Montpellier ! 17 000 \u00e0 B\u00e9ziers ! 6000 \u00e0 S\u00e8te ! 2000 \u00e0 Lod\u00e8ve ! Plus de 25 \u00e9coles totalement ferm\u00e9es rien qu&rsquo;\u00e0 Montpellier, pour cette 9\u00e8me journ\u00e9e de mobilisation.<\/p>\n\n\n\n<h2 class=\"wp-block-heading\">3,5 millions !<\/h2>\n\n\n\n<p>De partout en France, c&rsquo;est une mar\u00e9e humaine qui d\u00e9ferle, face au 49.3 de Macron, face \u00e0 son arrogance effr\u00e9n\u00e9e et \u00e0 ses provocations. Il est plus que jamais isol\u00e9. Il n&rsquo;a plus que la violence et les arrestations arbitraires pour tenter de faire taire les revendications des salari\u00e9s et de la jeunesse.<\/p>\n\n\n\n<p>La l\u00e9gitimit\u00e9, c&rsquo;est nous ! C&rsquo;est cette foule immense, encore plus puissante et rassemblant toutes les g\u00e9n\u00e9rations qui s&rsquo;est dress\u00e9e une nouvelle fois \u00e0 l&rsquo;appel de toutes les organisations syndicales toujours unies.<\/p>\n\n\n\n<p>Extrait du communiqu\u00e9 intersyndical du 23 mars : \u00a0\u00bb Revendiquant le retrait de la r\u00e9forme des retraites, l\u2019intersyndicale appelle les millions de travailleurs et travailleuses, les jeunes et les retrait\u00e9s \u00e0 continuer de se mobiliser. Elle appelle \u00e0 des rassemblements syndicaux de proximit\u00e9 ce week-end et \u00e0 une nouvelle grande journ\u00e9e de gr\u00e8ve et de manifestations mardi 28 mars partout dans le pays.\u00a0\u00bb<\/p>\n\n\n\n<p>D\u00e8s demain, la gr\u00e8ve sera reconduite dans de nombreux secteurs, chez les \u00e9boueurs, dans les raffineries, dans les ports et les docks, dans l&rsquo;\u00e9nergie, \u00e0 la SNCF &#8230;<\/p>\n\n\n\n<h2 class=\"wp-block-heading\">Le message est clair : nous ne l\u00e2chons pas, unis et d\u00e9termin\u00e9s, jusqu&rsquo;au retrait ! Rien n&rsquo;est pli\u00e9, bien au contraire!<\/h2>\n\n\n\n<p>Rappelons qu&rsquo;en 2006, malgr\u00e9 le vote par le 49-3 du Contrat Premi\u00e8re Embauche, celui-ci n\u2019a jamais \u00e9t\u00e9 appliqu\u00e9 gr\u00e2ce \u00e0 la poursuite des gr\u00e8ves. En 2020, le 49-3 avait \u00e9t\u00e9 d\u00e9cid\u00e9 pour la r\u00e9forme des retraites \u00e0 points, elle a finalement \u00e9t\u00e9 retir\u00e9e.<\/p>\n\n\n\n<p>Malgr\u00e9 les tentatives brutales et anti-d\u00e9mocratiques de passage en force, malgr\u00e9 la r\u00e9pression, malgr\u00e9 l\u2019instrumentalisation des forces de l\u2019ordre et les r\u00e9quisitions, nous restons d\u00e9termin\u00e9s.<\/p>\n\n\n\n<p>Le SNUDI FO 34 condamne toute tentative de r\u00e9pression en particulier contre la jeunesse, issue du jusqu&rsquo;au-boutisme du pr\u00e9sident Macron.<\/p>\n\n\n\n<h2 class=\"wp-block-heading\">Le SNUDI FO 34 appelle tous les coll\u00e8gues :<\/h2>\n\n\n\n<ul class=\"wp-block-list\"><li><strong>\u00e0 \u00eatre en gr\u00e8ve mardi 28 mars \u00e0 l&rsquo;appel de l&rsquo;intersyndicale<\/strong><\/li><li>\u00e0 se tenir pr\u00eats, notamment ce week-end, \u00e0 poursuivre la mobilisation par les manifestations et la gr\u00e8ve, seule arme des travailleurs<\/li><li><strong>\u00e0 envoyer les intentions de gr\u00e8ve pour toute la p\u00e9riode pour ceux qui ne l&rsquo;ont pas encore fait (samedi minuit dernier d\u00e9lai pour le 28)<\/strong><\/li><li>\u00e0 se r\u00e9unir sous toutes les formes, dans leurs \u00e9coles, en assembl\u00e9es g\u00e9n\u00e9rales,y compris avec les parents, pour discuter de la poursuite de la gr\u00e8ve pour gagner<\/li><li><strong>\u00e0 adopter des motions exigeant le retrait (<a href=\"http:\/\/snudifo34.fr\/wp-content\/uploads\/2023\/03\/Modele-motion-28-mars.docx\" target=\"_blank\" rel=\"noreferrer noopener\">voir exemple ci dessous<\/a>)<\/strong><\/li><li>\u00e0 se syndiquer, car c&rsquo;est se donner les moyens d&rsquo;\u00eatre encore plus forts, rejoignez le SNUDI Force Ouvri\u00e8re, un syndicat ind\u00e9pendant et combatif !<\/li><\/ul>\n\n\n\n<div style=\"height:50px\" aria-hidden=\"true\" class=\"wp-block-spacer\"><\/div>\n\n\n\n<h2 class=\"wp-block-heading\">Les rendez-vous du mardi 28 mars :<\/h2>\n\n\n\n<ul class=\"wp-block-list\"><li>10h30 : place Zeus \u00e0 Montpellier<\/li><li>10h30 : Bourse du travail \u00e0 B\u00e9ziers<\/li><li>10h30 : Maison des syndicats \u00e0 B\u00e9darieux<\/li><li>10h30 : Place de la mairie \u00e0 S\u00e8te<\/li><li>11h : All\u00e9es Salengro \u00e0 Clermont-l\u2019H\u00e9rault<\/li><li>11h30 : Place de la mairie \u00e0 Ganges (+ grillades)<\/li><li>11h30 : Place de la R\u00e9publique \u00e0 Lunel<\/li><li>16h : Rond-point de Castres \u00e0 Saint-Pons de Thomi\u00e8res<\/li><\/ul>\n\n\n\n<div style=\"height:50px\" aria-hidden=\"true\" class=\"wp-block-spacer\"><\/div>\n\n\n\n<h2 class=\"wp-block-heading\">Mod\u00e8le de motion \u00e0 adopter en CM :<\/h2>\n\n\n\n<div class=\"wp-block-file\"><a id=\"wp-block-file--media-3a1d57f6-80f4-46ed-a1e1-6a488427ed21\" href=\"http:\/\/snudifo34.fr\/wp-content\/uploads\/2023\/03\/Modele-motion-28-mars.docx\">Mod\u00e8le de motion <\/a><a href=\"http:\/\/snudifo34.fr\/wp-content\/uploads\/2023\/03\/Modele-motion-28-mars.docx\" class=\"wp-block-file__button\" download aria-describedby=\"wp-block-file--media-3a1d57f6-80f4-46ed-a1e1-6a488427ed21\">T\u00e9l\u00e9charger<\/a><\/div>\n\n\n\n<div style=\"height:50px\" aria-hidden=\"true\" class=\"wp-block-spacer\"><\/div>\n\n\n\n<h2 class=\"wp-block-heading\">Communiqu\u00e9 intersyndical du 23 mars 2023<\/h2>\n\n\n\n<div data-wp-interactive=\"core\/file\" class=\"wp-block-file\"><object data-wp-bind--hidden=\"!state.hasPdfPreview\" hidden class=\"wp-block-file__embed\" data=\"http:\/\/snudifo34.fr\/wp-content\/uploads\/2023\/03\/CP-23-mars-intersyndical.pdf\" type=\"application\/pdf\" style=\"width:100%;height:600px\" aria-label=\"Contenu embarqu\u00e9 Contenu embarqu\u00e9 CP-23-mars-intersyndical..\"><\/object><a id=\"wp-block-file--media-7fe82379-07a7-4656-81c5-25af995ff469\" href=\"http:\/\/snudifo34.fr\/wp-content\/uploads\/2023\/03\/CP-23-mars-intersyndical.pdf\">CP-23-mars-intersyndical<\/a><a href=\"http:\/\/snudifo34.fr\/wp-content\/uploads\/2023\/03\/CP-23-mars-intersyndical.pdf\" class=\"wp-block-file__button\" download aria-describedby=\"wp-block-file--media-7fe82379-07a7-4656-81c5-25af995ff469\">T\u00e9l\u00e9charger<\/a><\/div>\n\n\n\n<div style=\"height:50px\" aria-hidden=\"true\" class=\"wp-block-spacer\"><\/div>\n\n\n\n<h2 class=\"wp-block-heading\">Communiqu\u00e9 du 25 mars 2023<\/h2>\n\n\n\n<div data-wp-interactive=\"core\/file\" class=\"wp-block-file\"><object data-wp-bind--hidden=\"!state.hasPdfPreview\" hidden class=\"wp-block-file__embed\" data=\"http:\/\/snudifo34.fr\/wp-content\/uploads\/2023\/03\/com-25.pdf\" type=\"application\/pdf\" style=\"width:100%;height:600px\" aria-label=\"Contenu embarqu\u00e9 Contenu embarqu\u00e9 com-25..\"><\/object><a id=\"wp-block-file--media-32c909a4-8631-4d32-8544-c691645bc93a\" href=\"http:\/\/snudifo34.fr\/wp-content\/uploads\/2023\/03\/com-25.pdf\">com-25<\/a><a href=\"http:\/\/snudifo34.fr\/wp-content\/uploads\/2023\/03\/com-25.pdf\" class=\"wp-block-file__button\" download aria-describedby=\"wp-block-file--media-32c909a4-8631-4d32-8544-c691645bc93a\">T\u00e9l\u00e9charger<\/a><\/div>\n\n\n\n<div style=\"height:50px\" aria-hidden=\"true\" class=\"wp-block-spacer\"><\/div>\n","protected":false},"excerpt":{"rendered":"<div class=\"mh-excerpt\"><p>60 000 \u00e0 Montpellier ! 17 000 \u00e0 B\u00e9ziers ! 6000 \u00e0 S\u00e8te ! 2000 \u00e0 Lod\u00e8ve ! Plus de 25 \u00e9coles totalement ferm\u00e9es rien <a class=\"mh-excerpt-more\" href=\"http:\/\/snudifo34.fr\/index.php\/2023\/03\/25\/face-au-49-3-de-macron-greves-blocages-et-manifestations-monstres-pour-le-retrait\/\" title=\"Face au 49.3 de Macron, gr\u00e8ves, blocages et manifestations monstres pour le retrait !\">[&#8230;]<\/a><\/p>\n<\/div>","protected":false},"author":1,"featured_media":2618,"comment_status":"closed","ping_status":"open","sticky":false,"template":"","format":"standard","meta":{"cybocfi_hide_featured_image":"","footnotes":""},"categories":[15],"tags":[407,59],"class_list":["post-2614","post","type-post","status-publish","format-standard","has-post-thumbnail","hentry","category-communiques","tag-contre-reforme-des-retraites","tag-greve"],"_links":{"self":[{"href":"http:\/\/snudifo34.fr\/index.php\/wp-json\/wp\/v2\/posts\/2614","targetHints":{"allow":["GET"]}}],"collection":[{"href":"http:\/\/snudifo34.fr\/index.php\/wp-json\/wp\/v2\/posts"}],"about":[{"href":"http:\/\/snudifo34.fr\/index.php\/wp-json\/wp\/v2\/types\/post"}],"author":[{"embeddable":true,"href":"http:\/\/snudifo34.fr\/index.php\/wp-json\/wp\/v2\/users\/1"}],"replies":[{"embeddable":true,"href":"http:\/\/snudifo34.fr\/index.php\/wp-json\/wp\/v2\/comments?post=2614"}],"version-history":[{"count":1,"href":"http:\/\/snudifo34.fr\/index.php\/wp-json\/wp\/v2\/posts\/2614\/revisions"}],"predecessor-version":[{"id":2619,"href":"http:\/\/snudifo34.fr\/index.php\/wp-json\/wp\/v2\/posts\/2614\/revisions\/2619"}],"wp:featuredmedia":[{"embeddable":true,"href":"http:\/\/snudifo34.fr\/index.php\/wp-json\/wp\/v2\/media\/2618"}],"wp:attachment":[{"href":"http:\/\/snudifo34.fr\/index.php\/wp-json\/wp\/v2\/media?parent=2614"}],"wp:term":[{"taxonomy":"category","embeddable":true,"href":"http:\/\/snudifo34.fr\/index.php\/wp-json\/wp\/v2\/categories?post=2614"},{"taxonomy":"post_tag","embeddable":true,"href":"http:\/\/snudifo34.fr\/index.php\/wp-json\/wp\/v2\/tags?post=2614"}],"curies":[{"name":"wp","href":"https:\/\/api.w.org\/{rel}","templated":true}]}}