{"id":347,"date":"2021-01-13T10:30:57","date_gmt":"2021-01-13T09:30:57","guid":{"rendered":"http:\/\/snudifo34.fr\/?p=347"},"modified":"2021-01-13T10:30:57","modified_gmt":"2021-01-13T09:30:57","slug":"enquete-carte-scolaire","status":"publish","type":"post","link":"http:\/\/snudifo34.fr\/index.php\/2021\/01\/13\/enquete-carte-scolaire\/","title":{"rendered":"Enqu\u00eate Carte scolaire"},"content":{"rendered":"\n<p>La dotation en poste dans le premier degr\u00e9 pour l&rsquo;ann\u00e9e scolaire 2021 &amp; 2022\u00a0vient de tomber. Notre acad\u00e9mie sera dot\u00e9e de 140 postes pour l&rsquo;ann\u00e9e \u00e0 venir.<\/p>\n\n\n\n<p> La rectrice annonce que priorit\u00e9 sera donn\u00e9e \u00e0 :\u00a0<\/p>\n\n\n\n<ul class=\"wp-block-list\"><li>L\u2019augmentation du volume des d\u00e9charges de direction<\/li><li>La poursuite de la mise en place du plafonnement \u00e0 24 \u00e9l\u00e8ves par classe de la grande section au CE1<\/li><li>La poursuite de la mise en \u0153uvre des d\u00e9doublements de classe en grande section situ\u00e9s en REP+, dansla mesure des capacit\u00e9s d\u2019accueil des communes.<\/li><li>L\u2019ouverture de dispositifs suppl\u00e9mentaires relatifs \u00e0 l\u2019\u00e9cole inclusive (ULIS)<\/li><li>Le renforcement des brigades de remplacement<\/li><\/ul>\n\n\n\n<p>C&rsquo;est \u00e9videmment une bonne nouvelle pour beaucoup mais cela n&rsquo;engage aucune am\u00e9lioration pour la majorit\u00e9 d&rsquo;entre nous.\u00a0En effet <strong>les moyens allou\u00e9s ne couvriront pas \u00e0 la fois les priorit\u00e9s de la Rectrice et les besoins en termes de baisse d&rsquo;effectif dans les classes.\u00a0<\/strong><\/p>\n\n\n\n<p><br>La dite \u00ab\u00a0crise sanitaire\u00a0\u00bb et sa possible poursuite, nous font craindre encore des fermetures de classes, voire d&rsquo;\u00e9coles. Nous avons absolument besoin d&rsquo;all\u00e9ger les effectifs au plus vite &#8230;\u00a0\u00a0Afin de pouvoir revendiquer les ouvertures de postes n\u00e9cessaires, nous avons besoin d&rsquo;un \u00e9tat des lieux des \u00e9coles du d\u00e9partement.\u00a0\u00a0<\/p>\n\n\n\n<p>Pour que nous puissions d\u00e9fendre TOUTES les situations, merci de remplir l&rsquo;enqu\u00eate ci-dessous et nous la retourner par mail : <a href=\"mailto:snudifo34@snudi.fr\">snudifo34@snudi.fr<\/a><\/p>\n\n\n\n<div class=\"wp-block-file\"><a href=\"http:\/\/snudifo34.fr\/wp-content\/uploads\/2021\/01\/ENQUETE-CTSD-2021-snudiFO34.doc\">Enqu\u00eate Carte scolaire \u00e0 renvoyer au SNUDI-FO<\/a><a href=\"http:\/\/snudifo34.fr\/wp-content\/uploads\/2021\/01\/ENQUETE-CTSD-2021-snudiFO34.doc\" class=\"wp-block-file__button\" download>T\u00e9l\u00e9charger<\/a><\/div>\n","protected":false},"excerpt":{"rendered":"<div class=\"mh-excerpt\"><p>La dotation en poste dans le premier degr\u00e9 pour l&rsquo;ann\u00e9e scolaire 2021 &amp; 2022\u00a0vient de tomber. Notre acad\u00e9mie sera dot\u00e9e de 140 postes pour l&rsquo;ann\u00e9e <a class=\"mh-excerpt-more\" href=\"http:\/\/snudifo34.fr\/index.php\/2021\/01\/13\/enquete-carte-scolaire\/\" title=\"Enqu\u00eate Carte scolaire\">[&#8230;]<\/a><\/p>\n<\/div>","protected":false},"author":1,"featured_media":349,"comment_status":"closed","ping_status":"open","sticky":false,"template":"","format":"standard","meta":{"cybocfi_hide_featured_image":"","footnotes":""},"categories":[1],"tags":[111,107,106,110,109],"class_list":["post-347","post","type-post","status-publish","format-standard","has-post-thumbnail","hentry","category-non-classe","tag-baise-des-effectifs","tag-carte-scolaire","tag-ctsd","tag-fermeture-de-classe","tag-ouverture-de-classe"],"_links":{"self":[{"href":"http:\/\/snudifo34.fr\/index.php\/wp-json\/wp\/v2\/posts\/347","targetHints":{"allow":["GET"]}}],"collection":[{"href":"http:\/\/snudifo34.fr\/index.php\/wp-json\/wp\/v2\/posts"}],"about":[{"href":"http:\/\/snudifo34.fr\/index.php\/wp-json\/wp\/v2\/types\/post"}],"author":[{"embeddable":true,"href":"http:\/\/snudifo34.fr\/index.php\/wp-json\/wp\/v2\/users\/1"}],"replies":[{"embeddable":true,"href":"http:\/\/snudifo34.fr\/index.php\/wp-json\/wp\/v2\/comments?post=347"}],"version-history":[{"count":1,"href":"http:\/\/snudifo34.fr\/index.php\/wp-json\/wp\/v2\/posts\/347\/revisions"}],"predecessor-version":[{"id":350,"href":"http:\/\/snudifo34.fr\/index.php\/wp-json\/wp\/v2\/posts\/347\/revisions\/350"}],"wp:featuredmedia":[{"embeddable":true,"href":"http:\/\/snudifo34.fr\/index.php\/wp-json\/wp\/v2\/media\/349"}],"wp:attachment":[{"href":"http:\/\/snudifo34.fr\/index.php\/wp-json\/wp\/v2\/media?parent=347"}],"wp:term":[{"taxonomy":"category","embeddable":true,"href":"http:\/\/snudifo34.fr\/index.php\/wp-json\/wp\/v2\/categories?post=347"},{"taxonomy":"post_tag","embeddable":true,"href":"http:\/\/snudifo34.fr\/index.php\/wp-json\/wp\/v2\/tags?post=347"}],"curies":[{"name":"wp","href":"https:\/\/api.w.org\/{rel}","templated":true}]}}