{"id":4767,"date":"2023-09-16T08:28:22","date_gmt":"2023-09-16T06:28:22","guid":{"rendered":"http:\/\/snudifo34.fr\/?p=4767"},"modified":"2023-09-16T08:28:22","modified_gmt":"2023-09-16T06:28:22","slug":"salaires-10-pour-tous-retrait-du-pacte","status":"publish","type":"post","link":"http:\/\/snudifo34.fr\/index.php\/2023\/09\/16\/salaires-10-pour-tous-retrait-du-pacte\/","title":{"rendered":"SALAIRES : 10% POUR TOUS ! RETRAIT DU \u00abPACTE\u00bb !"},"content":{"rendered":"\n<p>Pour la majorit\u00e9 des personnels la \u00ab revalorisation \u00bb Macron-Attal se r\u00e9sume \u00e0 une augmentation indemnitaire insignifiante ! Quant au \u00ab pacte \u00bb, il ne constitue en aucun cas une revalorisation puisqu\u2019il conditionne une augmentation indemnitaire \u00e0 des t\u00e2ches suppl\u00e9mentaires. Pire, il remet en cause les statuts des personnels ! <\/p>\n\n\n\n<p>Le \u00ab pacte \u00bb va en effet imposer aux personnels une charge de travail suppl\u00e9mentaire cons\u00e9quente<br>mais aussi les soumettre \u00e0 un flicage permanent.<\/p>\n\n\n\n<p>Ces derniers ne s\u2019y sont d\u2019ailleurs pas tromp\u00e9s. Force est de constater que le \u00ab pacte \u00bb ne suscite pas l\u2019enthousiasme chez les coll\u00e8gues, en t\u00e9moigne la pression que les IA-DASEN tentent de mettre sur les<br>personnels pour qu\u2019ils adh\u00e8rent \u00e0 ce dispositif.<\/p>\n\n\n\n<p>PRENONS POSITION COLLECTIVEMENT DANS NOS ECOLES!<\/p>\n\n\n<a href=\"http:\/\/snudifo34.fr\/wp-content\/uploads\/2023\/09\/230915-Journal-salaires-pacte.pdf\" class=\"pdfemb-viewer\" style=\"\" data-width=\"max\" data-height=\"max\" data-toolbar=\"bottom\" data-toolbar-fixed=\"off\">230915-Journal-salaires-pacte<\/a>\n<p class=\"wp-block-pdfemb-pdf-embedder-viewer\"><\/p>\n\n\n<a href=\"http:\/\/snudifo34.fr\/wp-content\/uploads\/2023\/09\/Pacte21-1.pdf\" class=\"pdfemb-viewer\" style=\"\" data-width=\"max\" data-height=\"max\" data-toolbar=\"bottom\" data-toolbar-fixed=\"off\">Pacte21-1<\/a>\n<p class=\"wp-block-pdfemb-pdf-embedder-viewer\"><\/p>\n","protected":false},"excerpt":{"rendered":"<div class=\"mh-excerpt\"><p>Pour la majorit\u00e9 des personnels la \u00ab revalorisation \u00bb Macron-Attal se r\u00e9sume \u00e0 une augmentation indemnitaire insignifiante ! Quant au \u00ab pacte \u00bb, il ne <a class=\"mh-excerpt-more\" href=\"http:\/\/snudifo34.fr\/index.php\/2023\/09\/16\/salaires-10-pour-tous-retrait-du-pacte\/\" title=\"SALAIRES : 10% POUR TOUS ! RETRAIT DU \u00abPACTE\u00bb !\">[&#8230;]<\/a><\/p>\n<\/div>","protected":false},"author":1,"featured_media":4770,"comment_status":"closed","ping_status":"closed","sticky":false,"template":"","format":"standard","meta":{"cybocfi_hide_featured_image":"yes","footnotes":""},"categories":[15,292,113],"tags":[105,432],"class_list":["post-4767","post","type-post","status-publish","format-standard","has-post-thumbnail","hentry","category-communiques","category-le-syndicat","category-personnels","tag-augmentation-des-salaires","tag-pacte"],"_links":{"self":[{"href":"http:\/\/snudifo34.fr\/index.php\/wp-json\/wp\/v2\/posts\/4767","targetHints":{"allow":["GET"]}}],"collection":[{"href":"http:\/\/snudifo34.fr\/index.php\/wp-json\/wp\/v2\/posts"}],"about":[{"href":"http:\/\/snudifo34.fr\/index.php\/wp-json\/wp\/v2\/types\/post"}],"author":[{"embeddable":true,"href":"http:\/\/snudifo34.fr\/index.php\/wp-json\/wp\/v2\/users\/1"}],"replies":[{"embeddable":true,"href":"http:\/\/snudifo34.fr\/index.php\/wp-json\/wp\/v2\/comments?post=4767"}],"version-history":[{"count":1,"href":"http:\/\/snudifo34.fr\/index.php\/wp-json\/wp\/v2\/posts\/4767\/revisions"}],"predecessor-version":[{"id":4772,"href":"http:\/\/snudifo34.fr\/index.php\/wp-json\/wp\/v2\/posts\/4767\/revisions\/4772"}],"wp:featuredmedia":[{"embeddable":true,"href":"http:\/\/snudifo34.fr\/index.php\/wp-json\/wp\/v2\/media\/4770"}],"wp:attachment":[{"href":"http:\/\/snudifo34.fr\/index.php\/wp-json\/wp\/v2\/media?parent=4767"}],"wp:term":[{"taxonomy":"category","embeddable":true,"href":"http:\/\/snudifo34.fr\/index.php\/wp-json\/wp\/v2\/categories?post=4767"},{"taxonomy":"post_tag","embeddable":true,"href":"http:\/\/snudifo34.fr\/index.php\/wp-json\/wp\/v2\/tags?post=4767"}],"curies":[{"name":"wp","href":"https:\/\/api.w.org\/{rel}","templated":true}]}}