{"id":5088,"date":"2023-12-17T20:53:33","date_gmt":"2023-12-17T19:53:33","guid":{"rendered":"http:\/\/snudifo34.fr\/?p=5088"},"modified":"2023-12-20T12:14:00","modified_gmt":"2023-12-20T11:14:00","slug":"evaluations-decole-le-ministere-sourd-aux-revendications-des-personnels","status":"publish","type":"post","link":"http:\/\/snudifo34.fr\/index.php\/2023\/12\/17\/evaluations-decole-le-ministere-sourd-aux-revendications-des-personnels\/","title":{"rendered":"Evaluations d\u2019\u00e9cole : front syndical face au minist\u00e8re"},"content":{"rendered":"\n<p>Les organisations syndicales SNUDI-FO, FSU-SNUipp, CGT Educ\u2019action, SNALC et SUD \u00e9ducation ont \u00e9t\u00e9 re\u00e7ues, mercredi 13 d\u00e9cembre, par les repr\u00e9sentants du ministre Attal, accompagn\u00e9s de repr\u00e9sentants du Conseil d\u2019Evaluation de l\u2019Ecole, sur la question des \u00e9valuations d\u2019\u00e9cole.<\/p>\n\n\n<a href=\"http:\/\/snudifo34.fr\/wp-content\/uploads\/2023\/12\/231214-Communique-SNUDI-FO-evaluations-decole.pdf\" class=\"pdfemb-viewer\" style=\"\" data-width=\"max\" data-height=\"max\" data-toolbar=\"bottom\" data-toolbar-fixed=\"off\">231214-Communique-SNUDI-FO-evaluations-decole<\/a>\n<p class=\"wp-block-pdfemb-pdf-embedder-viewer\"><\/p>\n\n\n\n<p>Communiqu\u00e9 de l&rsquo;intersyndicale:<\/p>\n\n\n<a href=\"http:\/\/snudifo34.fr\/wp-content\/uploads\/2023\/12\/CR-intersyndical-audience-MEN-CEE_Vdef.pdf\" class=\"pdfemb-viewer\" style=\"\" data-width=\"max\" data-height=\"max\" data-toolbar=\"bottom\" data-toolbar-fixed=\"off\">CR-intersyndical-audience-MEN-CEE_Vdef<\/a>\n<p class=\"wp-block-pdfemb-pdf-embedder-viewer\"><\/p>\n\n\n\n<p>Motion type de refus d&rsquo;\u00e9valuation d&rsquo;\u00e9cole, \u00e0 discuter et adopter en conseil des ma\u00eetres:<\/p>\n\n\n\n<div class=\"wp-block-file\"><a id=\"wp-block-file--media-fa0af213-8854-4182-9bfd-03ffe460a124\" href=\"http:\/\/snudifo34.fr\/wp-content\/uploads\/2023\/12\/motion_refus_eval_ecoles.doc\">motion_refus_eval_ecoles<\/a><a href=\"http:\/\/snudifo34.fr\/wp-content\/uploads\/2023\/12\/motion_refus_eval_ecoles.doc\" class=\"wp-block-file__button wp-element-button\" download aria-describedby=\"wp-block-file--media-fa0af213-8854-4182-9bfd-03ffe460a124\">T\u00e9l\u00e9charger<\/a><\/div>\n","protected":false},"excerpt":{"rendered":"<div class=\"mh-excerpt\"><p>Les organisations syndicales SNUDI-FO, FSU-SNUipp, CGT Educ\u2019action, SNALC et SUD \u00e9ducation ont \u00e9t\u00e9 re\u00e7ues, mercredi 13 d\u00e9cembre, par les repr\u00e9sentants du ministre Attal, accompagn\u00e9s de <a class=\"mh-excerpt-more\" href=\"http:\/\/snudifo34.fr\/index.php\/2023\/12\/17\/evaluations-decole-le-ministere-sourd-aux-revendications-des-personnels\/\" title=\"Evaluations d\u2019\u00e9cole : front syndical face au minist\u00e8re\">[&#8230;]<\/a><\/p>\n<\/div>","protected":false},"author":1,"featured_media":0,"comment_status":"closed","ping_status":"closed","sticky":false,"template":"","format":"standard","meta":{"cybocfi_hide_featured_image":"","footnotes":""},"categories":[301,15,306,308,297,292],"tags":[203,99],"class_list":["post-5088","post","type-post","status-publish","format-standard","hentry","category-audiences","category-communiques","category-defense-de-lecole","category-evaluations-decole","category-instances","category-le-syndicat","tag-evaluations-decole","tag-intersyndicale"],"_links":{"self":[{"href":"http:\/\/snudifo34.fr\/index.php\/wp-json\/wp\/v2\/posts\/5088","targetHints":{"allow":["GET"]}}],"collection":[{"href":"http:\/\/snudifo34.fr\/index.php\/wp-json\/wp\/v2\/posts"}],"about":[{"href":"http:\/\/snudifo34.fr\/index.php\/wp-json\/wp\/v2\/types\/post"}],"author":[{"embeddable":true,"href":"http:\/\/snudifo34.fr\/index.php\/wp-json\/wp\/v2\/users\/1"}],"replies":[{"embeddable":true,"href":"http:\/\/snudifo34.fr\/index.php\/wp-json\/wp\/v2\/comments?post=5088"}],"version-history":[{"count":5,"href":"http:\/\/snudifo34.fr\/index.php\/wp-json\/wp\/v2\/posts\/5088\/revisions"}],"predecessor-version":[{"id":5105,"href":"http:\/\/snudifo34.fr\/index.php\/wp-json\/wp\/v2\/posts\/5088\/revisions\/5105"}],"wp:attachment":[{"href":"http:\/\/snudifo34.fr\/index.php\/wp-json\/wp\/v2\/media?parent=5088"}],"wp:term":[{"taxonomy":"category","embeddable":true,"href":"http:\/\/snudifo34.fr\/index.php\/wp-json\/wp\/v2\/categories?post=5088"},{"taxonomy":"post_tag","embeddable":true,"href":"http:\/\/snudifo34.fr\/index.php\/wp-json\/wp\/v2\/tags?post=5088"}],"curies":[{"name":"wp","href":"https:\/\/api.w.org\/{rel}","templated":true}]}}