{"id":5111,"date":"2023-12-23T10:39:35","date_gmt":"2023-12-23T09:39:35","guid":{"rendered":"http:\/\/snudifo34.fr\/?p=5111"},"modified":"2023-12-23T11:20:31","modified_gmt":"2023-12-23T10:20:31","slug":"declaration-liminaire-de-la-fnec-fp-fo-au-csa-academique-le-18-decembre-2023","status":"publish","type":"post","link":"http:\/\/snudifo34.fr\/index.php\/2023\/12\/23\/declaration-liminaire-de-la-fnec-fp-fo-au-csa-academique-le-18-decembre-2023\/","title":{"rendered":"D\u00e9claration liminaire de la FNEC FP-FO au CSA acad\u00e9mique le 18 d\u00e9cembre 2023"},"content":{"rendered":"\n<p>Postes, groupes de niveau, lyc\u00e9e pro, acte 2 \u00e9cole inclusive&#8230;, nos positions, nos revendications, gr\u00e8ve et manifestation nationale le 25 janvier:<\/p>\n\n\n<a href=\"http:\/\/snudifo34.fr\/wp-content\/uploads\/2023\/12\/Declaration-CSA-18.12.2023.pdf\" class=\"pdfemb-viewer\" style=\"\" data-width=\"max\" data-height=\"max\" data-toolbar=\"bottom\" data-toolbar-fixed=\"off\">Declaration-CSA-18.12.2023<\/a>\n<p class=\"wp-block-pdfemb-pdf-embedder-viewer\"><\/p>\n","protected":false},"excerpt":{"rendered":"<div class=\"mh-excerpt\"><p>Postes, groupes de niveau, lyc\u00e9e pro, acte 2 \u00e9cole inclusive&#8230;, nos positions, nos revendications, gr\u00e8ve et manifestation nationale le 25 janvier:<\/p>\n<\/div>","protected":false},"author":1,"featured_media":0,"comment_status":"closed","ping_status":"closed","sticky":false,"template":"","format":"standard","meta":{"cybocfi_hide_featured_image":"yes","footnotes":""},"categories":[298,297],"tags":[163,465],"class_list":["post-5111","post","type-post","status-publish","format-standard","hentry","category-csasd-csa-academique","category-instances","tag-inclusion-scolaire","tag-suppressions-de-postes"],"_links":{"self":[{"href":"http:\/\/snudifo34.fr\/index.php\/wp-json\/wp\/v2\/posts\/5111","targetHints":{"allow":["GET"]}}],"collection":[{"href":"http:\/\/snudifo34.fr\/index.php\/wp-json\/wp\/v2\/posts"}],"about":[{"href":"http:\/\/snudifo34.fr\/index.php\/wp-json\/wp\/v2\/types\/post"}],"author":[{"embeddable":true,"href":"http:\/\/snudifo34.fr\/index.php\/wp-json\/wp\/v2\/users\/1"}],"replies":[{"embeddable":true,"href":"http:\/\/snudifo34.fr\/index.php\/wp-json\/wp\/v2\/comments?post=5111"}],"version-history":[{"count":1,"href":"http:\/\/snudifo34.fr\/index.php\/wp-json\/wp\/v2\/posts\/5111\/revisions"}],"predecessor-version":[{"id":5113,"href":"http:\/\/snudifo34.fr\/index.php\/wp-json\/wp\/v2\/posts\/5111\/revisions\/5113"}],"wp:attachment":[{"href":"http:\/\/snudifo34.fr\/index.php\/wp-json\/wp\/v2\/media?parent=5111"}],"wp:term":[{"taxonomy":"category","embeddable":true,"href":"http:\/\/snudifo34.fr\/index.php\/wp-json\/wp\/v2\/categories?post=5111"},{"taxonomy":"post_tag","embeddable":true,"href":"http:\/\/snudifo34.fr\/index.php\/wp-json\/wp\/v2\/tags?post=5111"}],"curies":[{"name":"wp","href":"https:\/\/api.w.org\/{rel}","templated":true}]}}