{"id":5117,"date":"2023-12-23T18:14:38","date_gmt":"2023-12-23T17:14:38","guid":{"rendered":"http:\/\/snudifo34.fr\/?p=5117"},"modified":"2023-12-23T18:14:38","modified_gmt":"2023-12-23T17:14:38","slug":"annonces-du-ministre-attal-sur-les-postes-derriere-loperation-de-deminage-la-confirmation-du-chaos","status":"publish","type":"post","link":"http:\/\/snudifo34.fr\/index.php\/2023\/12\/23\/annonces-du-ministre-attal-sur-les-postes-derriere-loperation-de-deminage-la-confirmation-du-chaos\/","title":{"rendered":"Annonces du ministre Attal sur les postes: derri\u00e8re l\u2019op\u00e9ration de d\u00e9minage, la confirmation du chaos !"},"content":{"rendered":"\n<p>Apr\u00e8s la provocation des 2 500 suppressions de postes impos\u00e9s \u00e0 coup de 49-3 pour la rentr\u00e9e 2024, les<br>2 000 postes supprim\u00e9s en 2023, les 7 900 postes supprim\u00e9s dans le second degr\u00e9 depuis le premier<br>quinquennat Macron et l\u2019annonce du \u00ab choc des savoirs \u00bb, le ministre Attal a d\u00fb se livrer \u00e0 une op\u00e9ration<br>de d\u00e9minage lors du Comit\u00e9 Social d\u2019Administration du 21 d\u00e9cembre.<\/p>\n\n\n<a href=\"http:\/\/snudifo34.fr\/wp-content\/uploads\/2023\/12\/23-12-22-Communique-FNEC-FP-FO-annonces-dAttal-sur-les-postes.pdf\" class=\"pdfemb-viewer\" style=\"\" data-width=\"max\" data-height=\"max\" data-toolbar=\"bottom\" data-toolbar-fixed=\"off\">23-12-22-Communique-FNEC-FP-FO-annonces-dAttal-sur-les-postes<\/a>\n<p class=\"wp-block-pdfemb-pdf-embedder-viewer\"><\/p>\n","protected":false},"excerpt":{"rendered":"<div class=\"mh-excerpt\"><p>Apr\u00e8s la provocation des 2 500 suppressions de postes impos\u00e9s \u00e0 coup de 49-3 pour la rentr\u00e9e 2024, les2 000 postes supprim\u00e9s en 2023, les <a class=\"mh-excerpt-more\" href=\"http:\/\/snudifo34.fr\/index.php\/2023\/12\/23\/annonces-du-ministre-attal-sur-les-postes-derriere-loperation-de-deminage-la-confirmation-du-chaos\/\" title=\"Annonces du ministre Attal sur les postes: derri\u00e8re l\u2019op\u00e9ration de d\u00e9minage, la confirmation du chaos !\">[&#8230;]<\/a><\/p>\n<\/div>","protected":false},"author":1,"featured_media":0,"comment_status":"closed","ping_status":"closed","sticky":false,"template":"","format":"standard","meta":{"cybocfi_hide_featured_image":"","footnotes":""},"categories":[15,298,297,292,113],"tags":[468,163,465],"class_list":["post-5117","post","type-post","status-publish","format-standard","hentry","category-communiques","category-csasd-csa-academique","category-instances","category-le-syndicat","category-personnels","tag-greve-du-25-janvier","tag-inclusion-scolaire","tag-suppressions-de-postes"],"_links":{"self":[{"href":"http:\/\/snudifo34.fr\/index.php\/wp-json\/wp\/v2\/posts\/5117","targetHints":{"allow":["GET"]}}],"collection":[{"href":"http:\/\/snudifo34.fr\/index.php\/wp-json\/wp\/v2\/posts"}],"about":[{"href":"http:\/\/snudifo34.fr\/index.php\/wp-json\/wp\/v2\/types\/post"}],"author":[{"embeddable":true,"href":"http:\/\/snudifo34.fr\/index.php\/wp-json\/wp\/v2\/users\/1"}],"replies":[{"embeddable":true,"href":"http:\/\/snudifo34.fr\/index.php\/wp-json\/wp\/v2\/comments?post=5117"}],"version-history":[{"count":1,"href":"http:\/\/snudifo34.fr\/index.php\/wp-json\/wp\/v2\/posts\/5117\/revisions"}],"predecessor-version":[{"id":5119,"href":"http:\/\/snudifo34.fr\/index.php\/wp-json\/wp\/v2\/posts\/5117\/revisions\/5119"}],"wp:attachment":[{"href":"http:\/\/snudifo34.fr\/index.php\/wp-json\/wp\/v2\/media?parent=5117"}],"wp:term":[{"taxonomy":"category","embeddable":true,"href":"http:\/\/snudifo34.fr\/index.php\/wp-json\/wp\/v2\/categories?post=5117"},{"taxonomy":"post_tag","embeddable":true,"href":"http:\/\/snudifo34.fr\/index.php\/wp-json\/wp\/v2\/tags?post=5117"}],"curies":[{"name":"wp","href":"https:\/\/api.w.org\/{rel}","templated":true}]}}