{"id":5120,"date":"2023-12-23T18:18:12","date_gmt":"2023-12-23T17:18:12","guid":{"rendered":"http:\/\/snudifo34.fr\/?p=5120"},"modified":"2023-12-23T18:18:12","modified_gmt":"2023-12-23T17:18:12","slug":"650-suppressions-de-postes-au-lieu-de-1709-dans-les-ecoles-a-la-rentreemonsieur-est-trop-bon","status":"publish","type":"post","link":"http:\/\/snudifo34.fr\/index.php\/2023\/12\/23\/650-suppressions-de-postes-au-lieu-de-1709-dans-les-ecoles-a-la-rentreemonsieur-est-trop-bon\/","title":{"rendered":"650 suppressions de postes au lieu de 1709 dans les \u00e9coles \u00e0 la rentr\u00e9e\u2026Monsieur est trop bon !"},"content":{"rendered":"\n<p>Pour le SNUDI-FO, ce recul du ministre est \u00e0 mettre au compte de la col\u00e8re qui monte des \u00e9coles et des<br>\u00e9tablissements face \u00e0 l\u2019aggravation constante des conditions de travail des personnels. Cette col\u00e8re s\u2019est<br>exprim\u00e9e en particulier dans les centaines de r\u00e9unions que le SNUDI-FO et la FNEC FP-FO ont organis\u00e9es<br>dans le pays sur la question de l\u2019inclusion syst\u00e9matique et forc\u00e9e, et qui ont abouti \u00e0 l\u2019appel \u00e0 la gr\u00e8ve et \u00e0 la manifestation nationale jeudi 25 janvier d\u00e9cid\u00e9 par la Conf\u00e9rence nationale de d\u00e9l\u00e9gu\u00e9s du 17 novembre.<br>Pour autant, et m\u00eame si le ministre est contraint de revoir ses ambitions de destruction de l\u2019Ecole publique \u00e0 la baisse, ces derni\u00e8res annonces ne r\u00e9pondent pas aux revendications loin s\u2019en faut.<\/p>\n\n\n<a href=\"http:\/\/snudifo34.fr\/wp-content\/uploads\/2023\/12\/231222-Communique-SNUDI-FO-postes.pdf\" class=\"pdfemb-viewer\" style=\"\" data-width=\"max\" data-height=\"max\" data-toolbar=\"bottom\" data-toolbar-fixed=\"off\">231222-Communique-SNUDI-FO-postes<\/a>\n<p class=\"wp-block-pdfemb-pdf-embedder-viewer\"><\/p>\n","protected":false},"excerpt":{"rendered":"<div class=\"mh-excerpt\"><p>Pour le SNUDI-FO, ce recul du ministre est \u00e0 mettre au compte de la col\u00e8re qui monte des \u00e9coles et des\u00e9tablissements face \u00e0 l\u2019aggravation constante <a class=\"mh-excerpt-more\" href=\"http:\/\/snudifo34.fr\/index.php\/2023\/12\/23\/650-suppressions-de-postes-au-lieu-de-1709-dans-les-ecoles-a-la-rentreemonsieur-est-trop-bon\/\" title=\"650 suppressions de postes au lieu de 1709 dans les \u00e9coles \u00e0 la rentr\u00e9e\u2026Monsieur est trop bon !\">[&#8230;]<\/a><\/p>\n<\/div>","protected":false},"author":1,"featured_media":0,"comment_status":"closed","ping_status":"closed","sticky":false,"template":"","format":"standard","meta":{"cybocfi_hide_featured_image":"","footnotes":""},"categories":[15,298,306,307,297,292,113],"tags":[468,163,465],"class_list":["post-5120","post","type-post","status-publish","format-standard","hentry","category-communiques","category-csasd-csa-academique","category-defense-de-lecole","category-inclusion","category-instances","category-le-syndicat","category-personnels","tag-greve-du-25-janvier","tag-inclusion-scolaire","tag-suppressions-de-postes"],"_links":{"self":[{"href":"http:\/\/snudifo34.fr\/index.php\/wp-json\/wp\/v2\/posts\/5120","targetHints":{"allow":["GET"]}}],"collection":[{"href":"http:\/\/snudifo34.fr\/index.php\/wp-json\/wp\/v2\/posts"}],"about":[{"href":"http:\/\/snudifo34.fr\/index.php\/wp-json\/wp\/v2\/types\/post"}],"author":[{"embeddable":true,"href":"http:\/\/snudifo34.fr\/index.php\/wp-json\/wp\/v2\/users\/1"}],"replies":[{"embeddable":true,"href":"http:\/\/snudifo34.fr\/index.php\/wp-json\/wp\/v2\/comments?post=5120"}],"version-history":[{"count":1,"href":"http:\/\/snudifo34.fr\/index.php\/wp-json\/wp\/v2\/posts\/5120\/revisions"}],"predecessor-version":[{"id":5122,"href":"http:\/\/snudifo34.fr\/index.php\/wp-json\/wp\/v2\/posts\/5120\/revisions\/5122"}],"wp:attachment":[{"href":"http:\/\/snudifo34.fr\/index.php\/wp-json\/wp\/v2\/media?parent=5120"}],"wp:term":[{"taxonomy":"category","embeddable":true,"href":"http:\/\/snudifo34.fr\/index.php\/wp-json\/wp\/v2\/categories?post=5120"},{"taxonomy":"post_tag","embeddable":true,"href":"http:\/\/snudifo34.fr\/index.php\/wp-json\/wp\/v2\/tags?post=5120"}],"curies":[{"name":"wp","href":"https:\/\/api.w.org\/{rel}","templated":true}]}}