{"id":8261,"date":"2026-09-04T16:03:46","date_gmt":"2026-09-04T14:03:46","guid":{"rendered":"https:\/\/snudifo34.fr\/?p=8261"},"modified":"2026-09-04T16:04:15","modified_gmt":"2026-09-04T14:04:15","slug":"csa-departemental-ajustements-de-carte-scolaire-et-bilan-ecole-inclusive-declaration-et-compte-rendu","status":"publish","type":"post","link":"http:\/\/snudifo34.fr\/index.php\/2026\/09\/04\/csa-departemental-ajustements-de-carte-scolaire-et-bilan-ecole-inclusive-declaration-et-compte-rendu\/","title":{"rendered":"CSA d\u00e9partemental ajustements de carte scolaire et bilan \u00e9cole inclusive: d\u00e9claration et compte rendu du 4 septembre"},"content":{"rendered":"\n<p class=\"wp-block-paragraph\">Malgr\u00e9 3 annulations de fermetures et 1 poste ouvert pour l&rsquo;aide \u00e0 la direction, ce CSA ne nous fait pas oublier toutes les classes ferm\u00e9es, les refus d&rsquo;ouverture et le manque de d\u00e9charge pour les directeurs. Dans les questions diverses, la position du DASEN sur les absences non remplac\u00e9es est inacceptable, tout comme son refus de donner les chiffres sur un autre point crucial: les \u00e9l\u00e8ves priv\u00e9s de places en IME, ITEP et ULIS.<\/p>\n\n\n\n<div data-wp-interactive=\"core\/file\" class=\"wp-block-file\"><object data-wp-bind--hidden=\"!state.hasPdfPreview\" hidden class=\"wp-block-file__embed\" data=\"https:\/\/snudifo34.fr\/wp-content\/uploads\/2026\/09\/DL-4sept.pdf\" type=\"application\/pdf\" style=\"width:100%;height:600px\" aria-label=\"Contenu embarqu\u00e9 DL 4sept.\"><\/object><a id=\"wp-block-file--media-5e0cf21a-2ebe-42d2-963a-9e185d79f0f5\" href=\"https:\/\/snudifo34.fr\/wp-content\/uploads\/2026\/09\/DL-4sept.pdf\">DL 4sept<\/a><a href=\"https:\/\/snudifo34.fr\/wp-content\/uploads\/2026\/09\/DL-4sept.pdf\" class=\"wp-block-file__button wp-element-button\" download aria-describedby=\"wp-block-file--media-5e0cf21a-2ebe-42d2-963a-9e185d79f0f5\">T\u00e9l\u00e9charger<\/a><\/div>\n\n\n\n<div data-wp-interactive=\"core\/file\" class=\"wp-block-file\"><object data-wp-bind--hidden=\"!state.hasPdfPreview\" hidden class=\"wp-block-file__embed\" data=\"https:\/\/snudifo34.fr\/wp-content\/uploads\/2026\/09\/CR-CSA-4-sept.pdf\" type=\"application\/pdf\" style=\"width:100%;height:600px\" aria-label=\"Contenu embarqu\u00e9 CR CSA 4 sept.\"><\/object><a id=\"wp-block-file--media-bdbc82f6-f64f-41f4-b95a-59e832f7800d\" href=\"https:\/\/snudifo34.fr\/wp-content\/uploads\/2026\/09\/CR-CSA-4-sept.pdf\">CR CSA 4 sept<\/a><a href=\"https:\/\/snudifo34.fr\/wp-content\/uploads\/2026\/09\/CR-CSA-4-sept.pdf\" class=\"wp-block-file__button wp-element-button\" download aria-describedby=\"wp-block-file--media-bdbc82f6-f64f-41f4-b95a-59e832f7800d\">T\u00e9l\u00e9charger<\/a><\/div>\n\n\n<!-- PDF Embedder: Please provide an \"URL\" attribute in your shortcode. -->","protected":false},"excerpt":{"rendered":"<div class=\"mh-excerpt\"><p>Malgr\u00e9 3 annulations de fermetures et 1 poste ouvert pour l&rsquo;aide \u00e0 la direction, ce CSA ne nous fait pas oublier toutes les classes ferm\u00e9es, <a class=\"mh-excerpt-more\" href=\"http:\/\/snudifo34.fr\/index.php\/2026\/09\/04\/csa-departemental-ajustements-de-carte-scolaire-et-bilan-ecole-inclusive-declaration-et-compte-rendu\/\" title=\"CSA d\u00e9partemental ajustements de carte scolaire et bilan \u00e9cole inclusive: d\u00e9claration et compte rendu du 4 septembre\">[&#8230;]<\/a><\/p>\n<\/div>","protected":false},"author":1,"featured_media":2188,"comment_status":"closed","ping_status":"closed","sticky":false,"template":"","format":"standard","meta":{"cybocfi_hide_featured_image":"yes","footnotes":""},"categories":[298,297],"tags":[215,102,105,107,163,538,487],"class_list":["post-8261","post","type-post","status-publish","format-standard","has-post-thumbnail","hentry","category-csasd-csa-academique","category-instances","tag-absences-non-remplacees","tag-aesh","tag-augmentation-des-salaires","tag-carte-scolaire","tag-inclusion-scolaire","tag-non-au-budget-de-guerre","tag-revendications"],"_links":{"self":[{"href":"http:\/\/snudifo34.fr\/index.php\/wp-json\/wp\/v2\/posts\/8261","targetHints":{"allow":["GET"]}}],"collection":[{"href":"http:\/\/snudifo34.fr\/index.php\/wp-json\/wp\/v2\/posts"}],"about":[{"href":"http:\/\/snudifo34.fr\/index.php\/wp-json\/wp\/v2\/types\/post"}],"author":[{"embeddable":true,"href":"http:\/\/snudifo34.fr\/index.php\/wp-json\/wp\/v2\/users\/1"}],"replies":[{"embeddable":true,"href":"http:\/\/snudifo34.fr\/index.php\/wp-json\/wp\/v2\/comments?post=8261"}],"version-history":[{"count":2,"href":"http:\/\/snudifo34.fr\/index.php\/wp-json\/wp\/v2\/posts\/8261\/revisions"}],"predecessor-version":[{"id":8265,"href":"http:\/\/snudifo34.fr\/index.php\/wp-json\/wp\/v2\/posts\/8261\/revisions\/8265"}],"wp:featuredmedia":[{"embeddable":true,"href":"http:\/\/snudifo34.fr\/index.php\/wp-json\/wp\/v2\/media\/2188"}],"wp:attachment":[{"href":"http:\/\/snudifo34.fr\/index.php\/wp-json\/wp\/v2\/media?parent=8261"}],"wp:term":[{"taxonomy":"category","embeddable":true,"href":"http:\/\/snudifo34.fr\/index.php\/wp-json\/wp\/v2\/categories?post=8261"},{"taxonomy":"post_tag","embeddable":true,"href":"http:\/\/snudifo34.fr\/index.php\/wp-json\/wp\/v2\/tags?post=8261"}],"curies":[{"name":"wp","href":"https:\/\/api.w.org\/{rel}","templated":true}]}}