{"id":861,"date":"2022-03-27T18:01:54","date_gmt":"2022-03-27T16:01:54","guid":{"rendered":"http:\/\/snudifo34.fr\/?p=861"},"modified":"2022-03-27T18:01:54","modified_gmt":"2022-03-27T16:01:54","slug":"compte-rendu-du-ctsd-du-15-mars-2022","status":"publish","type":"post","link":"http:\/\/snudifo34.fr\/index.php\/2022\/03\/27\/compte-rendu-du-ctsd-du-15-mars-2022\/","title":{"rendered":"Compte-rendu du CTSD du 15 mars 2022"},"content":{"rendered":"\n<p>Voici les r\u00e9ponses aux questions diverses que nous avons pos\u00e9es lors du Comit\u00e9 Technique Sp\u00e9cial D\u00e9partemental&nbsp;:<\/p>\n\n\n\n<p class=\"has-vivid-red-color has-text-color\"><strong>1\/\u00a0Situation de l\u2019Ulis du coll\u00e8ge de Montagnac\u00a0: cette Ulis a \u00e9t\u00e9\u00a0 ouverte \u00e0 la rentr\u00e9e 2021 sans recrutement d\u2019AESH d\u00e9di\u00e9. Est-il envisag\u00e9 d&rsquo;abonder ce PIAL en emplois d&rsquo;AESH ?\u00a0<\/strong><\/p>\n\n\n\n<p>La dotation en AESH a \u00e9t\u00e9 donn\u00e9e au PIAL. Libre \u00e0 son responsable de la r\u00e9partir en fonction des besoins.<\/p>\n\n\n\n<p class=\"has-vivid-red-color has-text-color\"><strong>2\/ Remplacement des enseignants du 1er degr\u00e9 si\u00e9geant dans les instances d\u00e9partementales : nous demandons \u00e0 ce que soit assur\u00e9 le remplacement des professeurs des \u00e9coles repr\u00e9sentants du personnel qui sont amen\u00e9s \u00e0 si\u00e9ger dans les instances d\u00e9partementales, notamment le CHSCTD.\u00a0<\/strong><\/p>\n\n\n\n<p>Nous faisons au mieux. Il n&rsquo;y a aucune consigne de ma part disant qu&rsquo;on ne remplace pas les repr\u00e9sentants. On est vigilants avec les IEN pour prioriser les \u00e9coles qui cumulent les absences.<\/p>\n\n\n\n<p class=\"has-vivid-red-color has-text-color\"><strong>3\/ Pour quelles raisons certains coll\u00e8gues ayant fait une demande de temps partiels sont-ils contact\u00e9s sur leur t\u00e9l\u00e9phone personnel par des IEN? Quand les entretiens pr\u00e9vus lors des refus seront-ils r\u00e9alis\u00e9s ?\u00a0<\/strong><\/p>\n\n\n\n<p>Les entretiens sont en cours, certains ont eu lieu. Les IEN ont la main l\u00e0-dessus.<\/p>\n\n\n\n<p class=\"has-vivid-red-color has-text-color\"><strong>4\/ Peut-on avoir un \u00e9tat des lieux des demandes de temps partiels, de droit et sur autorisation? Des demandes de disponibilit\u00e9s?<\/strong><\/p>\n\n\n\n<p>Non, pas en CTSD.<\/p>\n\n\n\n<p class=\"has-vivid-red-color has-text-color\">5\/ Pour le mouvement d\u00e9partemental, pouvez-vous pr\u00e9ciser ce que recouvrent les v\u0153ux groupes?<\/p>\n\n\n\n<p>Non, cette question est du ressort du GTA (Groupe de travail Acad\u00e9mique)<\/p>\n\n\n\n<p class=\"has-vivid-red-color has-text-color\"><strong>6\/ Page 3 des LDGA (Lignes Directrice de Gestion Acad\u00e9miques), il est indiqu\u00e9 que \u00ab\u00a0les bar\u00e8mes rev\u00eatant un caract\u00e8re indicatif, l&rsquo;administration conserve son pouvoir d&rsquo;appr\u00e9ciation en fonction des situations individuelles, des besoins du service ou de tout autre motif d&rsquo;int\u00e9r\u00eat g\u00e9n\u00e9ral\u00a0\u00bb, quelles sont les garanties de transparence et d&rsquo;\u00e9quit\u00e9 de traitement que vous donnez dans les op\u00e9rations de mouvement?<\/strong><\/p>\n\n\n\n<p>Cette question est du ressort du GTA.<\/p>\n\n\n\n<blockquote class=\"wp-block-quote is-layout-flow wp-block-quote-is-layout-flow\"><p>L&rsquo;analyse du Snudi-FO 34 :<\/p><p><strong>Qu&rsquo;il s&rsquo;agisse du manque d&rsquo;Aesh, du manque de rempla\u00e7ant ou des droits des personnels concernant les temps partiels, le Dasen se d\u00e9fausse de ses responsabilit\u00e9s en renvoyant syst\u00e9matiquement aux \u00e9tages inf\u00e9rieurs\u00a0: les Pials, les IEN. Toutes les questions permettant d&rsquo;avoir des informations pour les personnels afin de les guider dans leurs choix sont syst\u00e9matiquement \u00e9vacu\u00e9es. C&rsquo;est le r\u00e9sultat de la loi de Transformation de la Fonction publique dont nous revendiquons l&rsquo;abrogation<\/strong><\/p><\/blockquote>\n","protected":false},"excerpt":{"rendered":"<div class=\"mh-excerpt\"><p>Voici les r\u00e9ponses aux questions diverses que nous avons pos\u00e9es lors du Comit\u00e9 Technique Sp\u00e9cial D\u00e9partemental&nbsp;: 1\/\u00a0Situation de l\u2019Ulis du coll\u00e8ge de Montagnac\u00a0: cette Ulis <a class=\"mh-excerpt-more\" href=\"http:\/\/snudifo34.fr\/index.php\/2022\/03\/27\/compte-rendu-du-ctsd-du-15-mars-2022\/\" title=\"Compte-rendu du CTSD du 15 mars 2022\">[&#8230;]<\/a><\/p>\n<\/div>","protected":false},"author":1,"featured_media":862,"comment_status":"closed","ping_status":"open","sticky":false,"template":"","format":"standard","meta":{"cybocfi_hide_featured_image":"","footnotes":""},"categories":[15],"tags":[235,187,106],"class_list":["post-861","post","type-post","status-publish","format-standard","has-post-thumbnail","hentry","category-communiques","tag-15-mars-2022","tag-compte-rendu","tag-ctsd"],"_links":{"self":[{"href":"http:\/\/snudifo34.fr\/index.php\/wp-json\/wp\/v2\/posts\/861","targetHints":{"allow":["GET"]}}],"collection":[{"href":"http:\/\/snudifo34.fr\/index.php\/wp-json\/wp\/v2\/posts"}],"about":[{"href":"http:\/\/snudifo34.fr\/index.php\/wp-json\/wp\/v2\/types\/post"}],"author":[{"embeddable":true,"href":"http:\/\/snudifo34.fr\/index.php\/wp-json\/wp\/v2\/users\/1"}],"replies":[{"embeddable":true,"href":"http:\/\/snudifo34.fr\/index.php\/wp-json\/wp\/v2\/comments?post=861"}],"version-history":[{"count":1,"href":"http:\/\/snudifo34.fr\/index.php\/wp-json\/wp\/v2\/posts\/861\/revisions"}],"predecessor-version":[{"id":863,"href":"http:\/\/snudifo34.fr\/index.php\/wp-json\/wp\/v2\/posts\/861\/revisions\/863"}],"wp:featuredmedia":[{"embeddable":true,"href":"http:\/\/snudifo34.fr\/index.php\/wp-json\/wp\/v2\/media\/862"}],"wp:attachment":[{"href":"http:\/\/snudifo34.fr\/index.php\/wp-json\/wp\/v2\/media?parent=861"}],"wp:term":[{"taxonomy":"category","embeddable":true,"href":"http:\/\/snudifo34.fr\/index.php\/wp-json\/wp\/v2\/categories?post=861"},{"taxonomy":"post_tag","embeddable":true,"href":"http:\/\/snudifo34.fr\/index.php\/wp-json\/wp\/v2\/tags?post=861"}],"curies":[{"name":"wp","href":"https:\/\/api.w.org\/{rel}","templated":true}]}}