{"id":1157,"date":"2022-06-06T18:58:54","date_gmt":"2022-06-06T16:58:54","guid":{"rendered":"http:\/\/snudifo34.fr\/?p=1157"},"modified":"2023-06-30T14:52:56","modified_gmt":"2023-06-30T12:52:56","slug":"rassemblement-du-1er-juin-intervention-du-snudi-fo-et-echos-dans-la-presse","status":"publish","type":"post","link":"https:\/\/snudifo34.fr\/index.php\/2022\/06\/06\/rassemblement-du-1er-juin-intervention-du-snudi-fo-et-echos-dans-la-presse\/","title":{"rendered":"Rassemblement du 1er juin : intervention du SNUDI-FO et \u00e9chos dans la presse"},"content":{"rendered":"\n<p>Les camarades du Snudi-FO 34 \u00e9taient pr\u00e9sents en nombre au rassemblement intersyndical du mercredi 1er juin contre les refus de temps partiels et pour un recrutement massif et sous statut. <\/p>\n\n\n\n<h3 class=\"wp-block-heading\">Intervention de R\u00e9gis Thiriet, secr\u00e9taire adjoint du Snudi-FO 34<\/h3>\n\n\n\n<p>\u00ab\u00a0Lorsqu&rsquo;un professeur des \u00e9coles travaille \u00e0 temps partiel, il renonce \u00e0 une partie de son salaire. <\/p>\n\n\n\n<p>Ce n&rsquo;est ni un luxe, ni un confort, c&rsquo;est parfois une n\u00e9cessit\u00e9, souvent un besoin imp\u00e9rieux, et surtout un droit inscrit dans le statut de la Fonction Publique pour tous les enseignants. Soit c&rsquo;est un droit qui ne peut \u00eatre refus\u00e9, soit il est soumis \u00e0 autorisation. <\/p>\n\n\n\n<p>Qu&rsquo;il s&rsquo;agisse de situations m\u00e9dicales, familiales, ou sociales, ce n&rsquo;est pas un privil\u00e8ge mais un choix qui r\u00e9pond \u00e0 des besoins sp\u00e9cifiques : pr\u00e9server sa sant\u00e9, prendre en charge un enfant ou un parent, pr\u00e9parer une reconversion. Dans tous les cas, il s&rsquo;agit de trouver le moyen de tenir face \u00e0 des conditions de travail tr\u00e8s difficiles et particuli\u00e8rement d\u00e9grad\u00e9es depuis 2 ans.<\/p>\n\n\n\n<p>A quoi assistons nous aujourd&rsquo;hui ? A des restrictions et des refus inacceptables ! Vous \u00eates \u00e0 temps partiel depuis 15 ans ? Refus\u00e9 ! Vous \u00eates \u00e9puis\u00e9 ? Refus\u00e9 ! Vous avez besoin de temps pour vos enfants ? Encore refus\u00e9 !<\/p>\n\n\n\n<p>Pour quelles raisons cette remise en cause des droits des personnels sur les temps partiels, les autorisations d&rsquo;absence, les mutations ? Parce qu\u00a0\u00bbil ne faudrait pas que le manque de personnels se voit trop, maintenant que le covid ne peut plus servir de pr\u00e9texte. Donc il faut r\u00e9cup\u00e9rer tout ce qu&rsquo;on peut pour boucher les trous tout en recrutant le moins possible de fonctionnaires. Car il ne faudrait surtout pas se retrouver avec des enseignants \u00ab en plus \u00bb, pour diminuer les effectifs, remplacer, faire des petits groupes, g\u00e9rer les \u00e9l\u00e8ves en crise&#8230;non, il faut qu&rsquo;on soit \u00e0 l&rsquo;os ! <\/p>\n\n\n\n<p>Comment y arriver ? <\/p>\n\n\n\n<p>&#8211; Premier levier, en obligeant les enseignants \u00e0 travailler \u00e0 temps plein, en refusant leurs cong\u00e9s formation, leurs demandes de disponibilit\u00e9, en mettant les stagiaires \u00e0 temps plein dans les classes, en reculant encore plus la titularisation, tout est bon pour continuer de r\u00e9duire le nombre de fonctionnaires et les remplacer par des contractuels pr\u00e9caires et sous pay\u00e9s. Ce que le gouvernement fait aux Aesh, il veut le faire \u00e0 tous !<\/p>\n\n\n\n<p>&#8211; 2\u00e8me levier c&rsquo;est le ressort \u00e9cul\u00e9 de la culpabilisation et du soup\u00e7on, avec un pr\u00e9sident qui dit \u00ab il y a des enseignants qui travaillent plus que d&rsquo;autres \u00bb, un Dasen qui ass\u00e8ne qu&rsquo;\u00eatre enseignant c&rsquo;est travailler \u00e0 100%, et un nouveau ministre qui confirme la politique de Blanquer et Macron : \u00ab nous allons y arriver gr\u00e2ce \u00e0 l&rsquo;engagement de tous \u00bb dit-il en refusant d&rsquo;organiser en urgence des concours exceptionnels \u00e0 Bac +3. A quel prix M N&rsquo;Diaye ? Sur le dos des enseignants, des Aesh, des stagiaires, et celui des \u00e9l\u00e8ves !Peu importe la sant\u00e9 des uns, l&rsquo;avenir des autres. Regardons l&rsquo;effondrement des candidats au concours ! Combien de postes ne seront pas pourvus \u00e0 la rentr\u00e9e ?<\/p>\n\n\n\n<p>&#8211; 3\u00e8me levier, les contre r\u00e9formes pour liquider les statuts, faire dispara\u00eetre l&rsquo;enseignement sp\u00e9cialis\u00e9, r\u00e9duire le p\u00e9rim\u00e8tre d&rsquo;intervention des syndicats, organiser le client\u00e9lisme, enclencher la privatisation<\/p>\n\n\n\n<p>Le Snudi Fo avec la CGT, Snuipp et Sud n&rsquo;accepte pas cette logique de d\u00e9mant\u00e8lement de l&rsquo;Ecole et des services publics et saisit chaque occasion pour d\u00e9fendre les statuts, les postes, les salaires.  Cela passe par la d\u00e9fense des dossiers individuels de temps partiels, plusieurs ont d\u00e9j\u00e0 obtenu satisfaction, et par la mobilisation collective comme aujourd&rsquo;hui. Regroupons nous avec nos organisations syndicales, rassemblons nos forces unitairement aussi souvent que possible, pour faire aboutir nos revendications !<\/p>\n\n\n\n<ul class=\"wp-block-list\">\n<li>Accord de tous les temps partiels aux enseignants qui le demandent <\/li>\n\n\n\n<li>Recrutement imm\u00e9diat de personnels sous statut, enseignant et Aesh<\/li>\n\n\n\n<li>Augmentation du point d&rsquo;indice<\/li>\n\n\n\n<li>R\u00e9ouverture de places en \u00e9tablissements et en classes sp\u00e9cialis\u00e9s, restauration des Rased <\/li>\n\n\n\n<li>Abandon des r\u00e9formes Blanquer<\/li>\n\n\n\n<li>Abandon de la loi de Transformation de la Fonction Publique\u00a0\u00bb<\/li>\n<\/ul>\n\n\n\n<div class=\"wp-block-columns is-layout-flex wp-container-core-columns-is-layout-9d6595d7 wp-block-columns-is-layout-flex\">\n<div class=\"wp-block-column is-layout-flow wp-block-column-is-layout-flow\">\n<figure class=\"wp-block-image size-large\"><a href=\"http:\/\/snudifo34.fr\/wp-content\/uploads\/2022\/06\/rassemblement-02-06-2022.jpg\"><img loading=\"lazy\" decoding=\"async\" width=\"1080\" height=\"810\" src=\"http:\/\/snudifo34.fr\/wp-content\/uploads\/2022\/06\/rassemblement-02-06-2022-1080x810.jpg\" alt=\"\" class=\"wp-image-1162\" srcset=\"https:\/\/snudifo34.fr\/wp-content\/uploads\/2022\/06\/rassemblement-02-06-2022-1080x810.jpg 1080w, https:\/\/snudifo34.fr\/wp-content\/uploads\/2022\/06\/rassemblement-02-06-2022-300x225.jpg 300w, https:\/\/snudifo34.fr\/wp-content\/uploads\/2022\/06\/rassemblement-02-06-2022-768x576.jpg 768w, https:\/\/snudifo34.fr\/wp-content\/uploads\/2022\/06\/rassemblement-02-06-2022-1536x1152.jpg 1536w, https:\/\/snudifo34.fr\/wp-content\/uploads\/2022\/06\/rassemblement-02-06-2022-678x509.jpg 678w, https:\/\/snudifo34.fr\/wp-content\/uploads\/2022\/06\/rassemblement-02-06-2022-326x245.jpg 326w, https:\/\/snudifo34.fr\/wp-content\/uploads\/2022\/06\/rassemblement-02-06-2022-80x60.jpg 80w, https:\/\/snudifo34.fr\/wp-content\/uploads\/2022\/06\/rassemblement-02-06-2022.jpg 2048w\" sizes=\"auto, (max-width: 1080px) 100vw, 1080px\" \/><\/a><\/figure>\n<\/div>\n\n\n\n<div class=\"wp-block-column is-layout-flow wp-block-column-is-layout-flow\">\n<figure class=\"wp-block-image size-large\"><a href=\"http:\/\/snudifo34.fr\/wp-content\/uploads\/2022\/06\/rassemblement-02-06-2022-bis.jpg\"><img loading=\"lazy\" decoding=\"async\" width=\"1080\" height=\"810\" src=\"http:\/\/snudifo34.fr\/wp-content\/uploads\/2022\/06\/rassemblement-02-06-2022-bis-1080x810.jpg\" alt=\"\" class=\"wp-image-1163\" srcset=\"https:\/\/snudifo34.fr\/wp-content\/uploads\/2022\/06\/rassemblement-02-06-2022-bis-1080x810.jpg 1080w, https:\/\/snudifo34.fr\/wp-content\/uploads\/2022\/06\/rassemblement-02-06-2022-bis-300x225.jpg 300w, https:\/\/snudifo34.fr\/wp-content\/uploads\/2022\/06\/rassemblement-02-06-2022-bis-768x576.jpg 768w, https:\/\/snudifo34.fr\/wp-content\/uploads\/2022\/06\/rassemblement-02-06-2022-bis-1536x1152.jpg 1536w, https:\/\/snudifo34.fr\/wp-content\/uploads\/2022\/06\/rassemblement-02-06-2022-bis-678x509.jpg 678w, https:\/\/snudifo34.fr\/wp-content\/uploads\/2022\/06\/rassemblement-02-06-2022-bis-326x245.jpg 326w, https:\/\/snudifo34.fr\/wp-content\/uploads\/2022\/06\/rassemblement-02-06-2022-bis-80x60.jpg 80w, https:\/\/snudifo34.fr\/wp-content\/uploads\/2022\/06\/rassemblement-02-06-2022-bis.jpg 2048w\" sizes=\"auto, (max-width: 1080px) 100vw, 1080px\" \/><\/a><\/figure>\n<\/div>\n<\/div>\n\n\n\n<h3 class=\"wp-block-heading\"><strong>Perspectives<\/strong><\/h3>\n\n\n\n<p>Pour m\u00e9moire, la <strong>CAPD <\/strong>qui traitera des <strong>recours <\/strong>sur les temps partiels se tiendra <strong>mardi 7 juin \u00e0 9h<\/strong>.<\/p>\n\n\n\n<div style=\"height:19px\" aria-hidden=\"true\" class=\"wp-block-spacer\"><\/div>\n\n\n\n<h3 class=\"wp-block-heading\"><strong>Revue de presse<\/strong><\/h3>\n\n\n\n<p><strong><em>La Marseillaise :<\/em><\/strong><\/p>\n\n\n\n<figure class=\"wp-block-image size-large\"><img loading=\"lazy\" decoding=\"async\" width=\"1080\" height=\"495\" src=\"http:\/\/snudifo34.fr\/wp-content\/uploads\/2022\/06\/article-la-marseillaise-03-06-2022-1080x495.jpg\" alt=\"\" class=\"wp-image-1164\" srcset=\"https:\/\/snudifo34.fr\/wp-content\/uploads\/2022\/06\/article-la-marseillaise-03-06-2022-1080x495.jpg 1080w, https:\/\/snudifo34.fr\/wp-content\/uploads\/2022\/06\/article-la-marseillaise-03-06-2022-300x137.jpg 300w, https:\/\/snudifo34.fr\/wp-content\/uploads\/2022\/06\/article-la-marseillaise-03-06-2022-768x352.jpg 768w, https:\/\/snudifo34.fr\/wp-content\/uploads\/2022\/06\/article-la-marseillaise-03-06-2022.jpg 1496w\" sizes=\"auto, (max-width: 1080px) 100vw, 1080px\" \/><\/figure>\n\n\n\n<p><a href=\"https:\/\/actu.fr\/occitanie\/montpellier_34172\/montpellier-les-parents-d-eleves-et-les-professeurs-se-mobilisent_51377360.html\">https:\/\/actu.fr\/occitanie\/montpellier_34172\/montpellier-les-parents-d-eleves-et-les-professeurs-se-mobilisent_51377360.html<\/a><\/p>\n\n\n\n<p><a href=\"https:\/\/www.francebleu.fr\/infos\/societe\/manifestation-professeurs-montpellier-1654076569\">https:\/\/www.francebleu.fr\/infos\/societe\/manifestation-professeurs-montpellier-1654076569<\/a><\/p>\n","protected":false},"excerpt":{"rendered":"<div class=\"mh-excerpt\"><p>Les camarades du Snudi-FO 34 \u00e9taient pr\u00e9sents en nombre au rassemblement intersyndical du mercredi 1er juin contre les refus de temps partiels et pour un <a class=\"mh-excerpt-more\" href=\"https:\/\/snudifo34.fr\/index.php\/2022\/06\/06\/rassemblement-du-1er-juin-intervention-du-snudi-fo-et-echos-dans-la-presse\/\" title=\"Rassemblement du 1er juin : intervention du SNUDI-FO et \u00e9chos dans la presse\">[&#8230;]<\/a><\/p>\n<\/div>","protected":false},"author":1,"featured_media":1165,"comment_status":"closed","ping_status":"open","sticky":false,"template":"","format":"standard","meta":{"cybocfi_hide_featured_image":"","footnotes":""},"categories":[306,309],"tags":[269,242,270],"class_list":["post-1157","post","type-post","status-publish","format-standard","has-post-thumbnail","hentry","category-defense-de-lecole","category-recrutement","tag-rassemblement-intersyndical","tag-refus-de-temps-partiel","tag-revue-de-presse"],"_links":{"self":[{"href":"https:\/\/snudifo34.fr\/index.php\/wp-json\/wp\/v2\/posts\/1157","targetHints":{"allow":["GET"]}}],"collection":[{"href":"https:\/\/snudifo34.fr\/index.php\/wp-json\/wp\/v2\/posts"}],"about":[{"href":"https:\/\/snudifo34.fr\/index.php\/wp-json\/wp\/v2\/types\/post"}],"author":[{"embeddable":true,"href":"https:\/\/snudifo34.fr\/index.php\/wp-json\/wp\/v2\/users\/1"}],"replies":[{"embeddable":true,"href":"https:\/\/snudifo34.fr\/index.php\/wp-json\/wp\/v2\/comments?post=1157"}],"version-history":[{"count":8,"href":"https:\/\/snudifo34.fr\/index.php\/wp-json\/wp\/v2\/posts\/1157\/revisions"}],"predecessor-version":[{"id":4545,"href":"https:\/\/snudifo34.fr\/index.php\/wp-json\/wp\/v2\/posts\/1157\/revisions\/4545"}],"wp:featuredmedia":[{"embeddable":true,"href":"https:\/\/snudifo34.fr\/index.php\/wp-json\/wp\/v2\/media\/1165"}],"wp:attachment":[{"href":"https:\/\/snudifo34.fr\/index.php\/wp-json\/wp\/v2\/media?parent=1157"}],"wp:term":[{"taxonomy":"category","embeddable":true,"href":"https:\/\/snudifo34.fr\/index.php\/wp-json\/wp\/v2\/categories?post=1157"},{"taxonomy":"post_tag","embeddable":true,"href":"https:\/\/snudifo34.fr\/index.php\/wp-json\/wp\/v2\/tags?post=1157"}],"curies":[{"name":"wp","href":"https:\/\/api.w.org\/{rel}","templated":true}]}}