{"id":4755,"date":"2023-09-09T10:59:46","date_gmt":"2023-09-09T08:59:46","guid":{"rendered":"http:\/\/snudifo34.fr\/?p=4755"},"modified":"2023-09-09T10:59:46","modified_gmt":"2023-09-09T08:59:46","slug":"rentree-scolaire-le-snudi-fo-au-cote-des-personnels-pour-defendre-toutes-les-revendications-2","status":"publish","type":"post","link":"https:\/\/snudifo34.fr\/index.php\/2023\/09\/09\/rentree-scolaire-le-snudi-fo-au-cote-des-personnels-pour-defendre-toutes-les-revendications-2\/","title":{"rendered":"Rentr\u00e9e scolaire :Le SNUDI-FO au c\u00f4t\u00e9 des personnels pour d\u00e9fendre toutes les revendications !"},"content":{"rendered":"\n<p>Les lamentables et d\u00e9l\u00e9t\u00e8res tentatives du ministre (interdiction de l\u2019abaya, exp\u00e9rimentation du port de<br>l\u2019uniforme\u2026) pour camoufler les conditions dans lesquelles se d\u00e9roule cette rentr\u00e9e scolaire ont fait long feu.<\/p>\n\n\n\n<p>Dans le cadre des 2.000 suppressions de postes d\u2019enseignants d\u00e9cid\u00e9es par le ministre Ndiaye et confirm\u00e9es par le ministre Attal, les fermetures de classes se poursuivent.<\/p>\n\n\n\n<p>La rentr\u00e9e, c\u2019est aussi dans chaque d\u00e9partement des centaines d\u2019\u00e9l\u00e8ves pour certains toujours en attente d\u2019AESH et pour d\u2019autres de places en \u00e9tablissements sociaux ou m\u00e9dico-sociaux ou en ULIS : 1100 en Indre-et-Loire, 490 dans l\u2019H\u00e9rault, 418 dans le Tarn\u2026<\/p>\n\n\n\n<p>L\u2019heure est \u00e0 la r\u00e9sistance !<\/p>\n\n\n<a href=\"https:\/\/snudifo34.fr\/wp-content\/uploads\/2023\/09\/230907-Communique-SNUDI-FO-rentree-1.pdf\" class=\"pdfemb-viewer\" style=\"\" data-width=\"max\" data-height=\"max\" data-toolbar=\"bottom\" data-toolbar-fixed=\"off\">230907-Communique-SNUDI-FO-rentree-1<\/a>\n<p class=\"wp-block-pdfemb-pdf-embedder-viewer\"><\/p>\n","protected":false},"excerpt":{"rendered":"<div class=\"mh-excerpt\"><p>Les lamentables et d\u00e9l\u00e9t\u00e8res tentatives du ministre (interdiction de l\u2019abaya, exp\u00e9rimentation du port del\u2019uniforme\u2026) pour camoufler les conditions dans lesquelles se d\u00e9roule cette rentr\u00e9e scolaire <a class=\"mh-excerpt-more\" href=\"https:\/\/snudifo34.fr\/index.php\/2023\/09\/09\/rentree-scolaire-le-snudi-fo-au-cote-des-personnels-pour-defendre-toutes-les-revendications-2\/\" title=\"Rentr\u00e9e scolaire :Le SNUDI-FO au c\u00f4t\u00e9 des personnels pour d\u00e9fendre toutes les revendications !\">[&#8230;]<\/a><\/p>\n<\/div>","protected":false},"author":1,"featured_media":4757,"comment_status":"closed","ping_status":"closed","sticky":false,"template":"","format":"standard","meta":{"cybocfi_hide_featured_image":"yes","footnotes":""},"categories":[28,15,303,306,305,308,311,307,292,302,113,309,310,112],"tags":[102,105,107,98,163,172,432,164],"class_list":["post-4755","post","type-post","status-publish","format-standard","has-post-thumbnail","hentry","category-aesh","category-communiques","category-contractuels","category-defense-de-lecole","category-directeurs","category-evaluations-decole","category-formation","category-inclusion","category-le-syndicat","category-pe","category-personnels","category-recrutement","category-remplacants-trs-zil-brigade","category-stagiaires","tag-aesh","tag-augmentation-des-salaires","tag-carte-scolaire","tag-direction-ecole","tag-inclusion-scolaire","tag-loi-rilhac","tag-pacte","tag-pial"],"_links":{"self":[{"href":"https:\/\/snudifo34.fr\/index.php\/wp-json\/wp\/v2\/posts\/4755","targetHints":{"allow":["GET"]}}],"collection":[{"href":"https:\/\/snudifo34.fr\/index.php\/wp-json\/wp\/v2\/posts"}],"about":[{"href":"https:\/\/snudifo34.fr\/index.php\/wp-json\/wp\/v2\/types\/post"}],"author":[{"embeddable":true,"href":"https:\/\/snudifo34.fr\/index.php\/wp-json\/wp\/v2\/users\/1"}],"replies":[{"embeddable":true,"href":"https:\/\/snudifo34.fr\/index.php\/wp-json\/wp\/v2\/comments?post=4755"}],"version-history":[{"count":1,"href":"https:\/\/snudifo34.fr\/index.php\/wp-json\/wp\/v2\/posts\/4755\/revisions"}],"predecessor-version":[{"id":4758,"href":"https:\/\/snudifo34.fr\/index.php\/wp-json\/wp\/v2\/posts\/4755\/revisions\/4758"}],"wp:featuredmedia":[{"embeddable":true,"href":"https:\/\/snudifo34.fr\/index.php\/wp-json\/wp\/v2\/media\/4757"}],"wp:attachment":[{"href":"https:\/\/snudifo34.fr\/index.php\/wp-json\/wp\/v2\/media?parent=4755"}],"wp:term":[{"taxonomy":"category","embeddable":true,"href":"https:\/\/snudifo34.fr\/index.php\/wp-json\/wp\/v2\/categories?post=4755"},{"taxonomy":"post_tag","embeddable":true,"href":"https:\/\/snudifo34.fr\/index.php\/wp-json\/wp\/v2\/tags?post=4755"}],"curies":[{"name":"wp","href":"https:\/\/api.w.org\/{rel}","templated":true}]}}