{"id":5239,"date":"2024-02-02T08:09:20","date_gmt":"2024-02-02T07:09:20","guid":{"rendered":"http:\/\/snudifo34.fr\/?p=5239"},"modified":"2024-02-02T08:09:20","modified_gmt":"2024-02-02T07:09:20","slug":"greve-puissante-dans-leducation-nationale-ce-jeudi-1er-fevrier-pour-faire-ceder-la-ministre-sur-nos-revendications-discutons-des-suites-maintenant-discutons-de-laction-efficace","status":"publish","type":"post","link":"https:\/\/snudifo34.fr\/index.php\/2024\/02\/02\/greve-puissante-dans-leducation-nationale-ce-jeudi-1er-fevrier-pour-faire-ceder-la-ministre-sur-nos-revendications-discutons-des-suites-maintenant-discutons-de-laction-efficace\/","title":{"rendered":"Gr\u00e8ve puissante dans l\u2019Education nationale ce jeudi 1er f\u00e9vrier : pour faire c\u00e9der la ministre sur nos revendications, discutons des suites maintenant, discutons de l\u2019action efficace !"},"content":{"rendered":"\n<p>Dans le 1er comme dans le 2nd degr\u00e9, les personnels ont fait massivement gr\u00e8ve \u00e0 l\u2019appel de la FNEC FPFO, la FSU, la CGT Educ\u2019action, Sud Education. La CFDT et l\u2019UNSA ont \u00e9galement appel\u00e9 \u00e0 la mobilisation. Dans toute la France, des cort\u00e8ges imposants ont rassembl\u00e9 des dizaines de milliers de personnels de toutes cat\u00e9gories, y compris des chefs d\u2019\u00e9tablissements et des inspecteurs, pour exprimer leur col\u00e8re et leurs revendications.<\/p>\n\n\n<a href=\"https:\/\/snudifo34.fr\/wp-content\/uploads\/2024\/02\/Greve-puissante-dans-l-EN-discutons-des-suites.pdf\" class=\"pdfemb-viewer\" style=\"\" data-width=\"max\" data-height=\"max\" data-toolbar=\"bottom\" data-toolbar-fixed=\"off\">Greve-puissante-dans-l-EN-discutons-des-suites<\/a>\n<p class=\"wp-block-pdfemb-pdf-embedder-viewer\"><\/p>\n","protected":false},"excerpt":{"rendered":"<div class=\"mh-excerpt\"><p>Dans le 1er comme dans le 2nd degr\u00e9, les personnels ont fait massivement gr\u00e8ve \u00e0 l\u2019appel de la FNEC FPFO, la FSU, la CGT Educ\u2019action, <a class=\"mh-excerpt-more\" href=\"https:\/\/snudifo34.fr\/index.php\/2024\/02\/02\/greve-puissante-dans-leducation-nationale-ce-jeudi-1er-fevrier-pour-faire-ceder-la-ministre-sur-nos-revendications-discutons-des-suites-maintenant-discutons-de-laction-efficace\/\" title=\"Gr\u00e8ve puissante dans l\u2019Education nationale ce jeudi 1er f\u00e9vrier : pour faire c\u00e9der la ministre sur nos revendications, discutons des suites maintenant, discutons de l\u2019action efficace !\">[&#8230;]<\/a><\/p>\n<\/div>","protected":false},"author":1,"featured_media":0,"comment_status":"closed","ping_status":"closed","sticky":false,"template":"","format":"standard","meta":{"cybocfi_hide_featured_image":"","footnotes":""},"categories":[15,306,292,113],"tags":[102,105,107,59,163],"class_list":["post-5239","post","type-post","status-publish","format-standard","hentry","category-communiques","category-defense-de-lecole","category-le-syndicat","category-personnels","tag-aesh","tag-augmentation-des-salaires","tag-carte-scolaire","tag-greve","tag-inclusion-scolaire"],"_links":{"self":[{"href":"https:\/\/snudifo34.fr\/index.php\/wp-json\/wp\/v2\/posts\/5239","targetHints":{"allow":["GET"]}}],"collection":[{"href":"https:\/\/snudifo34.fr\/index.php\/wp-json\/wp\/v2\/posts"}],"about":[{"href":"https:\/\/snudifo34.fr\/index.php\/wp-json\/wp\/v2\/types\/post"}],"author":[{"embeddable":true,"href":"https:\/\/snudifo34.fr\/index.php\/wp-json\/wp\/v2\/users\/1"}],"replies":[{"embeddable":true,"href":"https:\/\/snudifo34.fr\/index.php\/wp-json\/wp\/v2\/comments?post=5239"}],"version-history":[{"count":1,"href":"https:\/\/snudifo34.fr\/index.php\/wp-json\/wp\/v2\/posts\/5239\/revisions"}],"predecessor-version":[{"id":5241,"href":"https:\/\/snudifo34.fr\/index.php\/wp-json\/wp\/v2\/posts\/5239\/revisions\/5241"}],"wp:attachment":[{"href":"https:\/\/snudifo34.fr\/index.php\/wp-json\/wp\/v2\/media?parent=5239"}],"wp:term":[{"taxonomy":"category","embeddable":true,"href":"https:\/\/snudifo34.fr\/index.php\/wp-json\/wp\/v2\/categories?post=5239"},{"taxonomy":"post_tag","embeddable":true,"href":"https:\/\/snudifo34.fr\/index.php\/wp-json\/wp\/v2\/tags?post=5239"}],"curies":[{"name":"wp","href":"https:\/\/api.w.org\/{rel}","templated":true}]}}