{"id":5807,"date":"2024-07-19T14:22:58","date_gmt":"2024-07-19T12:22:58","guid":{"rendered":"http:\/\/snudifo34.fr\/?p=5807"},"modified":"2024-07-19T14:22:58","modified_gmt":"2024-07-19T12:22:58","slug":"reforme-de-la-formation-initiale-et-des-concours-denseignement-la-ministre-belloubet-contrainte-de-ceder","status":"publish","type":"post","link":"https:\/\/snudifo34.fr\/index.php\/2024\/07\/19\/reforme-de-la-formation-initiale-et-des-concours-denseignement-la-ministre-belloubet-contrainte-de-ceder\/","title":{"rendered":"R\u00e9forme de la formation initiale et des concours d\u2019enseignement : la ministre Belloubet contrainte de c\u00e9der !"},"content":{"rendered":"\n<p>La ministre en sursis a cependant d\u00fb renoncer \u00e0 ce v\u00e9ritable coup de force contre la d\u00e9mocratie en annon\u00e7ant le 17 juillet que le d\u00e9cret ne serait pas publi\u00e9. La FNEC FP-FO se f\u00e9licite de ce revirement de derni\u00e8re minute, cons\u00e9quence de toutes les mobilisations qui ont lieu partout en France pour le respect de la d\u00e9mocratie.<\/p>\n\n\n<a href=\"https:\/\/snudifo34.fr\/wp-content\/uploads\/2024\/07\/24-07-18-reforme-des-concours-Belloubet-cede.pdf\" class=\"pdfemb-viewer\" style=\"\" data-width=\"max\" data-height=\"max\" data-toolbar=\"bottom\" data-toolbar-fixed=\"off\">24-07-18-reforme-des-concours-Belloubet-cede<\/a>","protected":false},"excerpt":{"rendered":"<div class=\"mh-excerpt\"><p>La ministre en sursis a cependant d\u00fb renoncer \u00e0 ce v\u00e9ritable coup de force contre la d\u00e9mocratie en annon\u00e7ant le 17 juillet que le d\u00e9cret <a class=\"mh-excerpt-more\" href=\"https:\/\/snudifo34.fr\/index.php\/2024\/07\/19\/reforme-de-la-formation-initiale-et-des-concours-denseignement-la-ministre-belloubet-contrainte-de-ceder\/\" title=\"R\u00e9forme de la formation initiale et des concours d\u2019enseignement : la ministre Belloubet contrainte de c\u00e9der !\">[&#8230;]<\/a><\/p>\n<\/div>","protected":false},"author":1,"featured_media":0,"comment_status":"closed","ping_status":"closed","sticky":false,"template":"","format":"standard","meta":{"cybocfi_hide_featured_image":"","footnotes":""},"categories":[15,306,311,292,302,113,309],"tags":[118,261,484],"class_list":["post-5807","post","type-post","status-publish","format-standard","hentry","category-communiques","category-defense-de-lecole","category-formation","category-le-syndicat","category-pe","category-personnels","category-recrutement","tag-arret-des-contre-reformes","tag-concours","tag-formation-initiale"],"_links":{"self":[{"href":"https:\/\/snudifo34.fr\/index.php\/wp-json\/wp\/v2\/posts\/5807","targetHints":{"allow":["GET"]}}],"collection":[{"href":"https:\/\/snudifo34.fr\/index.php\/wp-json\/wp\/v2\/posts"}],"about":[{"href":"https:\/\/snudifo34.fr\/index.php\/wp-json\/wp\/v2\/types\/post"}],"author":[{"embeddable":true,"href":"https:\/\/snudifo34.fr\/index.php\/wp-json\/wp\/v2\/users\/1"}],"replies":[{"embeddable":true,"href":"https:\/\/snudifo34.fr\/index.php\/wp-json\/wp\/v2\/comments?post=5807"}],"version-history":[{"count":1,"href":"https:\/\/snudifo34.fr\/index.php\/wp-json\/wp\/v2\/posts\/5807\/revisions"}],"predecessor-version":[{"id":5809,"href":"https:\/\/snudifo34.fr\/index.php\/wp-json\/wp\/v2\/posts\/5807\/revisions\/5809"}],"wp:attachment":[{"href":"https:\/\/snudifo34.fr\/index.php\/wp-json\/wp\/v2\/media?parent=5807"}],"wp:term":[{"taxonomy":"category","embeddable":true,"href":"https:\/\/snudifo34.fr\/index.php\/wp-json\/wp\/v2\/categories?post=5807"},{"taxonomy":"post_tag","embeddable":true,"href":"https:\/\/snudifo34.fr\/index.php\/wp-json\/wp\/v2\/tags?post=5807"}],"curies":[{"name":"wp","href":"https:\/\/api.w.org\/{rel}","templated":true}]}}