{"id":6775,"date":"2025-05-05T19:51:02","date_gmt":"2025-05-05T17:51:02","guid":{"rendered":"https:\/\/snudifo34.fr\/?p=6775"},"modified":"2025-05-05T19:51:02","modified_gmt":"2025-05-05T17:51:02","slug":"convention-citoyenne-sur-les-temps-de-lenfant-macron-tente-la-diversion-pour-ne-pas-repondre-a-la-colere-des-personnels-et-des-parents","status":"publish","type":"post","link":"https:\/\/snudifo34.fr\/index.php\/2025\/05\/05\/convention-citoyenne-sur-les-temps-de-lenfant-macron-tente-la-diversion-pour-ne-pas-repondre-a-la-colere-des-personnels-et-des-parents\/","title":{"rendered":"Convention citoyenne sur les temps de l\u2019enfant : Macron tente la diversion pour ne pas r\u00e9pondre \u00e0 la col\u00e8re des personnels et des parents"},"content":{"rendered":"\n<p>Cette \u00ab convention citoyenne \u00bb arrive \u00e0 point nomm\u00e9 pour camoufler les v\u00e9ritables probl\u00e8mes auxquels sont confront\u00e9s les personnels et les parents d\u2019\u00e9l\u00e8ves et pour tenter de diviser ces derniers avec des propositions plus dangereuses et d\u00e9magogiques les unes que les autres.<\/p>\n\n\n<a href=\"https:\/\/snudifo34.fr\/wp-content\/uploads\/2025\/05\/25-05-05-communique-Convention-citoyenne-sur-les-temps-de-lenfant.pdf\" class=\"pdfemb-viewer\" style=\"\" data-width=\"max\" data-height=\"max\" data-toolbar=\"bottom\" data-toolbar-fixed=\"off\">25-05-05-communique-Convention-citoyenne-sur-les-temps-de-lenfant<\/a>","protected":false},"excerpt":{"rendered":"<div class=\"mh-excerpt\"><p>Cette \u00ab convention citoyenne \u00bb arrive \u00e0 point nomm\u00e9 pour camoufler les v\u00e9ritables probl\u00e8mes auxquels sont confront\u00e9s les personnels et les parents d\u2019\u00e9l\u00e8ves et pour <a class=\"mh-excerpt-more\" href=\"https:\/\/snudifo34.fr\/index.php\/2025\/05\/05\/convention-citoyenne-sur-les-temps-de-lenfant-macron-tente-la-diversion-pour-ne-pas-repondre-a-la-colere-des-personnels-et-des-parents\/\" title=\"Convention citoyenne sur les temps de l\u2019enfant : Macron tente la diversion pour ne pas r\u00e9pondre \u00e0 la col\u00e8re des personnels et des parents\">[&#8230;]<\/a><\/p>\n<\/div>","protected":false},"author":1,"featured_media":0,"comment_status":"closed","ping_status":"closed","sticky":false,"template":"","format":"standard","meta":{"cybocfi_hide_featured_image":"","footnotes":""},"categories":[15,306,292,113],"tags":[101,512,486],"class_list":["post-6775","post","type-post","status-publish","format-standard","hentry","category-communiques","category-defense-de-lecole","category-le-syndicat","category-personnels","tag-conditions-de-travail","tag-defense-des-droits","tag-defense-du-statut"],"_links":{"self":[{"href":"https:\/\/snudifo34.fr\/index.php\/wp-json\/wp\/v2\/posts\/6775","targetHints":{"allow":["GET"]}}],"collection":[{"href":"https:\/\/snudifo34.fr\/index.php\/wp-json\/wp\/v2\/posts"}],"about":[{"href":"https:\/\/snudifo34.fr\/index.php\/wp-json\/wp\/v2\/types\/post"}],"author":[{"embeddable":true,"href":"https:\/\/snudifo34.fr\/index.php\/wp-json\/wp\/v2\/users\/1"}],"replies":[{"embeddable":true,"href":"https:\/\/snudifo34.fr\/index.php\/wp-json\/wp\/v2\/comments?post=6775"}],"version-history":[{"count":1,"href":"https:\/\/snudifo34.fr\/index.php\/wp-json\/wp\/v2\/posts\/6775\/revisions"}],"predecessor-version":[{"id":6777,"href":"https:\/\/snudifo34.fr\/index.php\/wp-json\/wp\/v2\/posts\/6775\/revisions\/6777"}],"wp:attachment":[{"href":"https:\/\/snudifo34.fr\/index.php\/wp-json\/wp\/v2\/media?parent=6775"}],"wp:term":[{"taxonomy":"category","embeddable":true,"href":"https:\/\/snudifo34.fr\/index.php\/wp-json\/wp\/v2\/categories?post=6775"},{"taxonomy":"post_tag","embeddable":true,"href":"https:\/\/snudifo34.fr\/index.php\/wp-json\/wp\/v2\/tags?post=6775"}],"curies":[{"name":"wp","href":"https:\/\/api.w.org\/{rel}","templated":true}]}}