{"id":7600,"date":"2026-01-16T14:06:39","date_gmt":"2026-01-16T13:06:39","guid":{"rendered":"https:\/\/snudifo34.fr\/?p=7600"},"modified":"2026-01-16T14:06:39","modified_gmt":"2026-01-16T13:06:39","slug":"audience-fo-au-ministere-la-refondation-de-la-sante-scolaire-a-marche-forcee-compte-rendu","status":"publish","type":"post","link":"https:\/\/snudifo34.fr\/index.php\/2026\/01\/16\/audience-fo-au-ministere-la-refondation-de-la-sante-scolaire-a-marche-forcee-compte-rendu\/","title":{"rendered":"Audience FO au Minist\u00e8re : la refondation de la sant\u00e9 scolaire \u00e0 marche forc\u00e9e ! Compte rendu."},"content":{"rendered":"\n<p>La FNEC FP-FO a \u00e9t\u00e9 re\u00e7ue en audience au minist\u00e8re au sujet des assises de la sant\u00e9 scolaire avec des repr\u00e9sentants du SNFOIEN (personnels infirmiers), du SNFOASEN (personnels assistants sociaux), du SMedeEN-FO (m\u00e9decins), et du SNUDI-FO pour repr\u00e9senter les psyEN.<\/p>\n\n\n<a href=\"https:\/\/snudifo34.fr\/wp-content\/uploads\/2026\/01\/26-01-13-CR-de-laudience-Assises-de-la-Sante-scolaire.pdf\" class=\"pdfemb-viewer\" style=\"\" data-width=\"max\" data-height=\"max\" data-toolbar=\"bottom\" data-toolbar-fixed=\"off\">26-01-13-CR-de-laudience-Assises-de-la-Sante-scolaire<\/a>\n\n<a href=\"https:\/\/snudifo34.fr\/wp-content\/uploads\/2026\/01\/26-01-13-La-refondation-de-la-Sante-scolaire-a-marche-forcee.pdf\" class=\"pdfemb-viewer\" style=\"\" data-width=\"max\" data-height=\"max\" data-toolbar=\"bottom\" data-toolbar-fixed=\"off\">26-01-13-La-refondation-de-la-Sante-scolaire-a-marche-forcee<\/a>","protected":false},"excerpt":{"rendered":"<div class=\"mh-excerpt\"><p>La FNEC FP-FO a \u00e9t\u00e9 re\u00e7ue en audience au minist\u00e8re au sujet des assises de la sant\u00e9 scolaire avec des repr\u00e9sentants du SNFOIEN (personnels infirmiers), <a class=\"mh-excerpt-more\" href=\"https:\/\/snudifo34.fr\/index.php\/2026\/01\/16\/audience-fo-au-ministere-la-refondation-de-la-sante-scolaire-a-marche-forcee-compte-rendu\/\" title=\"Audience FO au Minist\u00e8re : la refondation de la sant\u00e9 scolaire \u00e0 marche forc\u00e9e ! Compte rendu.\">[&#8230;]<\/a><\/p>\n<\/div>","protected":false},"author":1,"featured_media":0,"comment_status":"closed","ping_status":"closed","sticky":false,"template":"","format":"standard","meta":{"cybocfi_hide_featured_image":"","footnotes":""},"categories":[28,301,15,303,306,305,307,297,292,302,113,471],"tags":[163,487,518],"class_list":["post-7600","post","type-post","status-publish","format-standard","hentry","category-aesh","category-audiences","category-communiques","category-contractuels","category-defense-de-lecole","category-directeurs","category-inclusion","category-instances","category-le-syndicat","category-pe","category-personnels","category-psyen","tag-inclusion-scolaire","tag-revendications","tag-sante-scolaire"],"_links":{"self":[{"href":"https:\/\/snudifo34.fr\/index.php\/wp-json\/wp\/v2\/posts\/7600","targetHints":{"allow":["GET"]}}],"collection":[{"href":"https:\/\/snudifo34.fr\/index.php\/wp-json\/wp\/v2\/posts"}],"about":[{"href":"https:\/\/snudifo34.fr\/index.php\/wp-json\/wp\/v2\/types\/post"}],"author":[{"embeddable":true,"href":"https:\/\/snudifo34.fr\/index.php\/wp-json\/wp\/v2\/users\/1"}],"replies":[{"embeddable":true,"href":"https:\/\/snudifo34.fr\/index.php\/wp-json\/wp\/v2\/comments?post=7600"}],"version-history":[{"count":1,"href":"https:\/\/snudifo34.fr\/index.php\/wp-json\/wp\/v2\/posts\/7600\/revisions"}],"predecessor-version":[{"id":7603,"href":"https:\/\/snudifo34.fr\/index.php\/wp-json\/wp\/v2\/posts\/7600\/revisions\/7603"}],"wp:attachment":[{"href":"https:\/\/snudifo34.fr\/index.php\/wp-json\/wp\/v2\/media?parent=7600"}],"wp:term":[{"taxonomy":"category","embeddable":true,"href":"https:\/\/snudifo34.fr\/index.php\/wp-json\/wp\/v2\/categories?post=7600"},{"taxonomy":"post_tag","embeddable":true,"href":"https:\/\/snudifo34.fr\/index.php\/wp-json\/wp\/v2\/tags?post=7600"}],"curies":[{"name":"wp","href":"https:\/\/api.w.org\/{rel}","templated":true}]}}