{"id":7786,"date":"2026-03-11T17:40:50","date_gmt":"2026-03-11T16:40:50","guid":{"rendered":"https:\/\/snudifo34.fr\/?p=7786"},"modified":"2026-03-13T17:08:01","modified_gmt":"2026-03-13T16:08:01","slug":"samedi-14-mars-manifestons-contre-le-racisme-contre-la-guerre","status":"publish","type":"post","link":"https:\/\/snudifo34.fr\/index.php\/2026\/03\/11\/samedi-14-mars-manifestons-contre-le-racisme-contre-la-guerre\/","title":{"rendered":"Samedi 14 mars, manifestons contre le racisme, contre la guerre !"},"content":{"rendered":"\n<p>RDV 14h30, Com\u00e9die Montpellier<\/p>\n\n\n\n<p>La FNEC FP-FO, en tant qu\u2019organisation syndicale, est par d\u00e9finition visc\u00e9ralement oppos\u00e9e \u00e0 toute<br>forme de racisme, de x\u00e9nophobie, d\u2019islamophobie, d\u2019antis\u00e9mitisme qui sont entretenus pour diviser<br>les travailleurs et la population, actuellement confront\u00e9s aux mesures anti-sociales du gouvernement Macron-Lecornu qui s\u2019attaquent \u00e0 l\u2019Ecole publique, \u00e0 la Sant\u00e9, \u00e0 la S\u00e9curit\u00e9 sociale et plus largement \u00e0 tous les droits des salari\u00e9s.<\/p>\n\n\n<a href=\"https:\/\/snudifo34.fr\/wp-content\/uploads\/2026\/03\/26-03-10-Le-14-mars-manifestons-contre-le-racisme-contre-la-guerre.pdf\" class=\"pdfemb-viewer\" style=\"\" data-width=\"max\" data-height=\"max\" data-toolbar=\"bottom\" data-toolbar-fixed=\"off\">26-03-10-Le-14-mars-manifestons-contre-le-racisme-contre-la-guerre<\/a>","protected":false},"excerpt":{"rendered":"<div class=\"mh-excerpt\"><p>RDV 14h30, Com\u00e9die Montpellier La FNEC FP-FO, en tant qu\u2019organisation syndicale, est par d\u00e9finition visc\u00e9ralement oppos\u00e9e \u00e0 touteforme de racisme, de x\u00e9nophobie, d\u2019islamophobie, d\u2019antis\u00e9mitisme qui <a class=\"mh-excerpt-more\" href=\"https:\/\/snudifo34.fr\/index.php\/2026\/03\/11\/samedi-14-mars-manifestons-contre-le-racisme-contre-la-guerre\/\" title=\"Samedi 14 mars, manifestons contre le racisme, contre la guerre !\">[&#8230;]<\/a><\/p>\n<\/div>","protected":false},"author":1,"featured_media":0,"comment_status":"closed","ping_status":"closed","sticky":false,"template":"","format":"standard","meta":{"cybocfi_hide_featured_image":"","footnotes":""},"categories":[15,292],"tags":[512,498,457,517,538],"class_list":["post-7786","post","type-post","status-publish","format-standard","hentry","category-communiques","category-le-syndicat","tag-defense-des-droits","tag-defense-des-libertes","tag-gaza","tag-non-a-la-guerre","tag-non-au-budget-de-guerre"],"_links":{"self":[{"href":"https:\/\/snudifo34.fr\/index.php\/wp-json\/wp\/v2\/posts\/7786","targetHints":{"allow":["GET"]}}],"collection":[{"href":"https:\/\/snudifo34.fr\/index.php\/wp-json\/wp\/v2\/posts"}],"about":[{"href":"https:\/\/snudifo34.fr\/index.php\/wp-json\/wp\/v2\/types\/post"}],"author":[{"embeddable":true,"href":"https:\/\/snudifo34.fr\/index.php\/wp-json\/wp\/v2\/users\/1"}],"replies":[{"embeddable":true,"href":"https:\/\/snudifo34.fr\/index.php\/wp-json\/wp\/v2\/comments?post=7786"}],"version-history":[{"count":2,"href":"https:\/\/snudifo34.fr\/index.php\/wp-json\/wp\/v2\/posts\/7786\/revisions"}],"predecessor-version":[{"id":7795,"href":"https:\/\/snudifo34.fr\/index.php\/wp-json\/wp\/v2\/posts\/7786\/revisions\/7795"}],"wp:attachment":[{"href":"https:\/\/snudifo34.fr\/index.php\/wp-json\/wp\/v2\/media?parent=7786"}],"wp:term":[{"taxonomy":"category","embeddable":true,"href":"https:\/\/snudifo34.fr\/index.php\/wp-json\/wp\/v2\/categories?post=7786"},{"taxonomy":"post_tag","embeddable":true,"href":"https:\/\/snudifo34.fr\/index.php\/wp-json\/wp\/v2\/tags?post=7786"}],"curies":[{"name":"wp","href":"https:\/\/api.w.org\/{rel}","templated":true}]}}