{"id":7865,"date":"2026-04-04T10:43:09","date_gmt":"2026-04-04T08:43:09","guid":{"rendered":"https:\/\/snudifo34.fr\/?p=7865"},"modified":"2026-04-04T10:43:51","modified_gmt":"2026-04-04T08:43:51","slug":"retrait-du-vademecum-agir-contre-le-racisme-lantisemitisme-et-les-discriminations-liees-a-lorigine","status":"publish","type":"post","link":"https:\/\/snudifo34.fr\/index.php\/2026\/04\/04\/retrait-du-vademecum-agir-contre-le-racisme-lantisemitisme-et-les-discriminations-liees-a-lorigine\/","title":{"rendered":"Retrait du Vademecum \u00ab Agir contre le racisme, l\u2019antis\u00e9mitisme et les discriminations li\u00e9es \u00e0 l\u2019origine \u00bb"},"content":{"rendered":"\n<p>Courrier de la FNEC FP FO au ministre Geffray lui demandant de retirer son\u00a0<a href=\"https:\/\/eduscol.education.gouv.fr\/6207\/agir-contre-le-racisme-l-antisemitisme-et-les-discriminations-liees-l-origine\" target=\"_blank\" rel=\"noreferrer noopener\"><em>vademecum\u00a0<\/em><\/a>qui, sous couvert d\u2019agir contre la racisme et l\u2019antis\u00e9mitisme, pr\u00e9pare le terrain aux dispositions de la proposition de loi YADAN\u00a0!<\/p>\n\n\n<a href=\"https:\/\/snudifo34.fr\/wp-content\/uploads\/2026\/04\/26-03-13-CP-EG-Retrait-du-Vademecum-Agir-contre-le-racisme-lantisemitisme-et-les-discriminations.pdf\" class=\"pdfemb-viewer\" style=\"\" data-width=\"max\" data-height=\"max\" data-toolbar=\"bottom\" data-toolbar-fixed=\"off\">26-03-13-CP-EG-Retrait-du-Vademecum-Agir-contre-le-racisme-lantisemitisme-et-les-discriminations<\/a>\n\n\n<p>Courrier aux parlementaires:<\/p>\n\n\n<a href=\"https:\/\/snudifo34.fr\/wp-content\/uploads\/2026\/04\/26-03-31-Courrier-parlementaires-Loi-Yadan-votez-CONTRE.pdf\" class=\"pdfemb-viewer\" style=\"\" data-width=\"max\" data-height=\"max\" data-toolbar=\"bottom\" data-toolbar-fixed=\"off\">26-03-31-Courrier-parlementaires-Loi-Yadan-votez-CONTRE<\/a>","protected":false},"excerpt":{"rendered":"<div class=\"mh-excerpt\"><p>Courrier de la FNEC FP FO au ministre Geffray lui demandant de retirer son\u00a0vademecum\u00a0qui, sous couvert d\u2019agir contre la racisme et l\u2019antis\u00e9mitisme, pr\u00e9pare le terrain <a class=\"mh-excerpt-more\" href=\"https:\/\/snudifo34.fr\/index.php\/2026\/04\/04\/retrait-du-vademecum-agir-contre-le-racisme-lantisemitisme-et-les-discriminations-liees-a-lorigine\/\" title=\"Retrait du Vademecum \u00ab Agir contre le racisme, l\u2019antis\u00e9mitisme et les discriminations li\u00e9es \u00e0 l\u2019origine \u00bb\">[&#8230;]<\/a><\/p>\n<\/div>","protected":false},"author":1,"featured_media":0,"comment_status":"closed","ping_status":"closed","sticky":false,"template":"","format":"standard","meta":{"cybocfi_hide_featured_image":"","footnotes":""},"categories":[15,292],"tags":[498],"class_list":["post-7865","post","type-post","status-publish","format-standard","hentry","category-communiques","category-le-syndicat","tag-defense-des-libertes"],"_links":{"self":[{"href":"https:\/\/snudifo34.fr\/index.php\/wp-json\/wp\/v2\/posts\/7865","targetHints":{"allow":["GET"]}}],"collection":[{"href":"https:\/\/snudifo34.fr\/index.php\/wp-json\/wp\/v2\/posts"}],"about":[{"href":"https:\/\/snudifo34.fr\/index.php\/wp-json\/wp\/v2\/types\/post"}],"author":[{"embeddable":true,"href":"https:\/\/snudifo34.fr\/index.php\/wp-json\/wp\/v2\/users\/1"}],"replies":[{"embeddable":true,"href":"https:\/\/snudifo34.fr\/index.php\/wp-json\/wp\/v2\/comments?post=7865"}],"version-history":[{"count":2,"href":"https:\/\/snudifo34.fr\/index.php\/wp-json\/wp\/v2\/posts\/7865\/revisions"}],"predecessor-version":[{"id":7869,"href":"https:\/\/snudifo34.fr\/index.php\/wp-json\/wp\/v2\/posts\/7865\/revisions\/7869"}],"wp:attachment":[{"href":"https:\/\/snudifo34.fr\/index.php\/wp-json\/wp\/v2\/media?parent=7865"}],"wp:term":[{"taxonomy":"category","embeddable":true,"href":"https:\/\/snudifo34.fr\/index.php\/wp-json\/wp\/v2\/categories?post=7865"},{"taxonomy":"post_tag","embeddable":true,"href":"https:\/\/snudifo34.fr\/index.php\/wp-json\/wp\/v2\/tags?post=7865"}],"curies":[{"name":"wp","href":"https:\/\/api.w.org\/{rel}","templated":true}]}}