{"id":7883,"date":"2026-04-04T10:52:55","date_gmt":"2026-04-04T08:52:55","guid":{"rendered":"https:\/\/snudifo34.fr\/?p=7883"},"modified":"2026-04-04T10:52:55","modified_gmt":"2026-04-04T08:52:55","slug":"nouvelle-reunion-du-comite-national-en-defense-de-lecole-publique-le-8-avril","status":"publish","type":"post","link":"https:\/\/snudifo34.fr\/index.php\/2026\/04\/04\/nouvelle-reunion-du-comite-national-en-defense-de-lecole-publique-le-8-avril\/","title":{"rendered":"Nouvelle r\u00e9union du comit\u00e9 national en d\u00e9fense de l&rsquo;\u00e9cole publique le 8 avril"},"content":{"rendered":"\n<p>Se regrouper, s&rsquo;organiser pour l&rsquo;annulation des 4000 suppressions de postes!<\/p>\n\n\n\n<figure class=\"wp-block-image size-large\"><img loading=\"lazy\" decoding=\"async\" width=\"729\" height=\"1024\" src=\"https:\/\/snudifo34.fr\/wp-content\/uploads\/2026\/04\/Tract-du-comite-national-en-defense-de-lEcole-729x1024.jpg\" alt=\"\" class=\"wp-image-7884\" srcset=\"https:\/\/snudifo34.fr\/wp-content\/uploads\/2026\/04\/Tract-du-comite-national-en-defense-de-lEcole-729x1024.jpg 729w, https:\/\/snudifo34.fr\/wp-content\/uploads\/2026\/04\/Tract-du-comite-national-en-defense-de-lEcole-214x300.jpg 214w, https:\/\/snudifo34.fr\/wp-content\/uploads\/2026\/04\/Tract-du-comite-national-en-defense-de-lEcole-768x1078.jpg 768w, https:\/\/snudifo34.fr\/wp-content\/uploads\/2026\/04\/Tract-du-comite-national-en-defense-de-lEcole.jpg 1080w\" sizes=\"auto, (max-width: 729px) 100vw, 729px\" \/><\/figure>\n","protected":false},"excerpt":{"rendered":"<div class=\"mh-excerpt\"><p>Se regrouper, s&rsquo;organiser pour l&rsquo;annulation des 4000 suppressions de postes!<\/p>\n<\/div>","protected":false},"author":1,"featured_media":0,"comment_status":"closed","ping_status":"closed","sticky":false,"template":"","format":"standard","meta":{"cybocfi_hide_featured_image":"","footnotes":""},"categories":[28,306,305,302,113,310],"tags":[107,487],"class_list":["post-7883","post","type-post","status-publish","format-standard","hentry","category-aesh","category-defense-de-lecole","category-directeurs","category-pe","category-personnels","category-remplacants-trs-zil-brigade","tag-carte-scolaire","tag-revendications"],"_links":{"self":[{"href":"https:\/\/snudifo34.fr\/index.php\/wp-json\/wp\/v2\/posts\/7883","targetHints":{"allow":["GET"]}}],"collection":[{"href":"https:\/\/snudifo34.fr\/index.php\/wp-json\/wp\/v2\/posts"}],"about":[{"href":"https:\/\/snudifo34.fr\/index.php\/wp-json\/wp\/v2\/types\/post"}],"author":[{"embeddable":true,"href":"https:\/\/snudifo34.fr\/index.php\/wp-json\/wp\/v2\/users\/1"}],"replies":[{"embeddable":true,"href":"https:\/\/snudifo34.fr\/index.php\/wp-json\/wp\/v2\/comments?post=7883"}],"version-history":[{"count":1,"href":"https:\/\/snudifo34.fr\/index.php\/wp-json\/wp\/v2\/posts\/7883\/revisions"}],"predecessor-version":[{"id":7885,"href":"https:\/\/snudifo34.fr\/index.php\/wp-json\/wp\/v2\/posts\/7883\/revisions\/7885"}],"wp:attachment":[{"href":"https:\/\/snudifo34.fr\/index.php\/wp-json\/wp\/v2\/media?parent=7883"}],"wp:term":[{"taxonomy":"category","embeddable":true,"href":"https:\/\/snudifo34.fr\/index.php\/wp-json\/wp\/v2\/categories?post=7883"},{"taxonomy":"post_tag","embeddable":true,"href":"https:\/\/snudifo34.fr\/index.php\/wp-json\/wp\/v2\/tags?post=7883"}],"curies":[{"name":"wp","href":"https:\/\/api.w.org\/{rel}","templated":true}]}}