{"id":7957,"date":"2026-04-28T11:11:31","date_gmt":"2026-04-28T09:11:31","guid":{"rendered":"https:\/\/snudifo34.fr\/?p=7957"},"modified":"2026-04-28T11:11:31","modified_gmt":"2026-04-28T09:11:31","slug":"non-a-la-guerre-non-aux-budgets-de-guerre-non-a-la-nouvelle-loi-de-programmation-militaire-rassemblements-le-4-mai","status":"publish","type":"post","link":"https:\/\/snudifo34.fr\/index.php\/2026\/04\/28\/non-a-la-guerre-non-aux-budgets-de-guerre-non-a-la-nouvelle-loi-de-programmation-militaire-rassemblements-le-4-mai\/","title":{"rendered":"Non \u00e0 la guerre ! Non aux budgets de guerre ! Non \u00e0 la nouvelle loi de programmation militaire! Rassemblements le 4 mai !"},"content":{"rendered":"\n<p>Le projet d\u2019actualisation de la loi de programmation militaire (LPM) sera examin\u00e9 la semaine du 4 mai \u00e0 l\u2019Assembl\u00e9e nationale puis en juin au S\u00e9nat. Celui-ci pr\u00e9voit une rallonge de 36 milliards d\u2019euros pour les arm\u00e9es, d\u2019ici \u00e0 2030. Dans le m\u00eame temps, le gouvernement r\u00e9unit un comit\u00e9 d\u2019alerte des finances publiques pour d\u00e9cider de retirer imm\u00e9diatement 6 milliards d\u2019euros suppl\u00e9mentaires dans le budget de l\u2019Etat et de la S\u00e9cu !<\/p>\n\n\n<a href=\"https:\/\/snudifo34.fr\/wp-content\/uploads\/2026\/04\/26-04-21-Non-a-la-LPM-Non-a-la-guerre-rassemblements-le-4-mai.pdf\" class=\"pdfemb-viewer\" style=\"\" data-width=\"max\" data-height=\"max\" data-toolbar=\"bottom\" data-toolbar-fixed=\"off\">26-04-21-Non-a-la-LPM-Non-a-la-guerre-rassemblements-le-4-mai<\/a>","protected":false},"excerpt":{"rendered":"<div class=\"mh-excerpt\"><p>Le projet d\u2019actualisation de la loi de programmation militaire (LPM) sera examin\u00e9 la semaine du 4 mai \u00e0 l\u2019Assembl\u00e9e nationale puis en juin au S\u00e9nat. <a class=\"mh-excerpt-more\" href=\"https:\/\/snudifo34.fr\/index.php\/2026\/04\/28\/non-a-la-guerre-non-aux-budgets-de-guerre-non-a-la-nouvelle-loi-de-programmation-militaire-rassemblements-le-4-mai\/\" title=\"Non \u00e0 la guerre ! Non aux budgets de guerre ! Non \u00e0 la nouvelle loi de programmation militaire! Rassemblements le 4 mai !\">[&#8230;]<\/a><\/p>\n<\/div>","protected":false},"author":1,"featured_media":0,"comment_status":"closed","ping_status":"closed","sticky":false,"template":"","format":"standard","meta":{"cybocfi_hide_featured_image":"","footnotes":""},"categories":[15,306,292],"tags":[107,466,457,517,538,487],"class_list":["post-7957","post","type-post","status-publish","format-standard","hentry","category-communiques","category-defense-de-lecole","category-le-syndicat","tag-carte-scolaire","tag-cessez-le-feu","tag-gaza","tag-non-a-la-guerre","tag-non-au-budget-de-guerre","tag-revendications"],"_links":{"self":[{"href":"https:\/\/snudifo34.fr\/index.php\/wp-json\/wp\/v2\/posts\/7957","targetHints":{"allow":["GET"]}}],"collection":[{"href":"https:\/\/snudifo34.fr\/index.php\/wp-json\/wp\/v2\/posts"}],"about":[{"href":"https:\/\/snudifo34.fr\/index.php\/wp-json\/wp\/v2\/types\/post"}],"author":[{"embeddable":true,"href":"https:\/\/snudifo34.fr\/index.php\/wp-json\/wp\/v2\/users\/1"}],"replies":[{"embeddable":true,"href":"https:\/\/snudifo34.fr\/index.php\/wp-json\/wp\/v2\/comments?post=7957"}],"version-history":[{"count":1,"href":"https:\/\/snudifo34.fr\/index.php\/wp-json\/wp\/v2\/posts\/7957\/revisions"}],"predecessor-version":[{"id":7959,"href":"https:\/\/snudifo34.fr\/index.php\/wp-json\/wp\/v2\/posts\/7957\/revisions\/7959"}],"wp:attachment":[{"href":"https:\/\/snudifo34.fr\/index.php\/wp-json\/wp\/v2\/media?parent=7957"}],"wp:term":[{"taxonomy":"category","embeddable":true,"href":"https:\/\/snudifo34.fr\/index.php\/wp-json\/wp\/v2\/categories?post=7957"},{"taxonomy":"post_tag","embeddable":true,"href":"https:\/\/snudifo34.fr\/index.php\/wp-json\/wp\/v2\/tags?post=7957"}],"curies":[{"name":"wp","href":"https:\/\/api.w.org\/{rel}","templated":true}]}}