{"id":8252,"date":"2026-09-02T17:38:15","date_gmt":"2026-09-02T15:38:15","guid":{"rendered":"https:\/\/snudifo34.fr\/?p=8252"},"modified":"2026-09-02T17:38:49","modified_gmt":"2026-09-02T15:38:49","slug":"les-personnels-nacceptent-pas-les-conditions-desastreuses-de-la-rentree-scolaire","status":"publish","type":"post","link":"https:\/\/snudifo34.fr\/index.php\/2026\/09\/02\/les-personnels-nacceptent-pas-les-conditions-desastreuses-de-la-rentree-scolaire\/","title":{"rendered":"Les personnels n\u2019acceptent pas les conditions d\u00e9sastreuses de la rentr\u00e9e scolaire !"},"content":{"rendered":"\n<p class=\"wp-block-paragraph\">Quelle est la r\u00e9alit\u00e9 de la rentr\u00e9e scolaire dans les \u00e9coles publiques ?<br>La r\u00e9alit\u00e9, c\u2019est qu\u2019alors que 36 milliards d\u2019\u20ac suppl\u00e9mentaires sont attribu\u00e9s au budget des arm\u00e9es, des milliers de classes ont ferm\u00e9.<\/p>\n\n\n\n<div data-wp-interactive=\"core\/file\" class=\"wp-block-file\"><object data-wp-bind--hidden=\"!state.hasPdfPreview\" hidden class=\"wp-block-file__embed\" data=\"https:\/\/snudifo34.fr\/wp-content\/uploads\/2026\/09\/260902-communique-SNUDI-FO-rentree.pdf\" type=\"application\/pdf\" style=\"width:100%;height:600px\" aria-label=\"Contenu embarqu\u00e9 260902 communique SNUDI-FO rentree.\"><\/object><a id=\"wp-block-file--media-64ef842c-cae7-48cc-9e76-c6a01a681c0e\" href=\"https:\/\/snudifo34.fr\/wp-content\/uploads\/2026\/09\/260902-communique-SNUDI-FO-rentree.pdf\">260902 communique SNUDI-FO rentree<\/a><a href=\"https:\/\/snudifo34.fr\/wp-content\/uploads\/2026\/09\/260902-communique-SNUDI-FO-rentree.pdf\" class=\"wp-block-file__button wp-element-button\" download aria-describedby=\"wp-block-file--media-64ef842c-cae7-48cc-9e76-c6a01a681c0e\">T\u00e9l\u00e9charger<\/a><\/div>\n","protected":false},"excerpt":{"rendered":"<div class=\"mh-excerpt\"><p>Quelle est la r\u00e9alit\u00e9 de la rentr\u00e9e scolaire dans les \u00e9coles publiques ?La r\u00e9alit\u00e9, c\u2019est qu\u2019alors que 36 milliards d\u2019\u20ac suppl\u00e9mentaires sont attribu\u00e9s au budget <a class=\"mh-excerpt-more\" href=\"https:\/\/snudifo34.fr\/index.php\/2026\/09\/02\/les-personnels-nacceptent-pas-les-conditions-desastreuses-de-la-rentree-scolaire\/\" title=\"Les personnels n\u2019acceptent pas les conditions d\u00e9sastreuses de la rentr\u00e9e scolaire !\">[&#8230;]<\/a><\/p>\n<\/div>","protected":false},"author":1,"featured_media":0,"comment_status":"closed","ping_status":"closed","sticky":false,"template":"","format":"standard","meta":{"cybocfi_hide_featured_image":"","footnotes":""},"categories":[28,15,303,306,305,307,292,302,113,471,309,310,112],"tags":[552,102,105,59,538,554,487],"class_list":["post-8252","post","type-post","status-publish","format-standard","hentry","category-aesh","category-communiques","category-contractuels","category-defense-de-lecole","category-directeurs","category-inclusion","category-le-syndicat","category-pe","category-personnels","category-psyen","category-recrutement","category-remplacants-trs-zil-brigade","category-stagiaires","tag-abandon-des-pas","tag-aesh","tag-augmentation-des-salaires","tag-greve","tag-non-au-budget-de-guerre","tag-non-aux-fermetures-de-classe","tag-revendications"],"_links":{"self":[{"href":"https:\/\/snudifo34.fr\/index.php\/wp-json\/wp\/v2\/posts\/8252","targetHints":{"allow":["GET"]}}],"collection":[{"href":"https:\/\/snudifo34.fr\/index.php\/wp-json\/wp\/v2\/posts"}],"about":[{"href":"https:\/\/snudifo34.fr\/index.php\/wp-json\/wp\/v2\/types\/post"}],"author":[{"embeddable":true,"href":"https:\/\/snudifo34.fr\/index.php\/wp-json\/wp\/v2\/users\/1"}],"replies":[{"embeddable":true,"href":"https:\/\/snudifo34.fr\/index.php\/wp-json\/wp\/v2\/comments?post=8252"}],"version-history":[{"count":2,"href":"https:\/\/snudifo34.fr\/index.php\/wp-json\/wp\/v2\/posts\/8252\/revisions"}],"predecessor-version":[{"id":8255,"href":"https:\/\/snudifo34.fr\/index.php\/wp-json\/wp\/v2\/posts\/8252\/revisions\/8255"}],"wp:attachment":[{"href":"https:\/\/snudifo34.fr\/index.php\/wp-json\/wp\/v2\/media?parent=8252"}],"wp:term":[{"taxonomy":"category","embeddable":true,"href":"https:\/\/snudifo34.fr\/index.php\/wp-json\/wp\/v2\/categories?post=8252"},{"taxonomy":"post_tag","embeddable":true,"href":"https:\/\/snudifo34.fr\/index.php\/wp-json\/wp\/v2\/tags?post=8252"}],"curies":[{"name":"wp","href":"https:\/\/api.w.org\/{rel}","templated":true}]}}