{"id":8267,"date":"2026-09-05T11:57:56","date_gmt":"2026-09-05T09:57:56","guid":{"rendered":"https:\/\/snudifo34.fr\/?p=8267"},"modified":"2026-09-05T11:57:56","modified_gmt":"2026-09-05T09:57:56","slug":"pour-une-scolarisation-adaptee-aux-besoins-de-chaque-eleve-mobilisons-nous-sans-attendre","status":"publish","type":"post","link":"https:\/\/snudifo34.fr\/index.php\/2026\/09\/05\/pour-une-scolarisation-adaptee-aux-besoins-de-chaque-eleve-mobilisons-nous-sans-attendre\/","title":{"rendered":"Pour une scolarisation adapt\u00e9e aux besoins de chaque \u00e9l\u00e8ve, MOBILISONS-NOUS SANS ATTENDRE !"},"content":{"rendered":"\n<p class=\"wp-block-paragraph\">L\u2019Union F\u00e9d\u00e9rale de l\u2019Action sociale CGT et F\u00e9d\u00e9ration Nationale Action Sociale FO repr\u00e9sentent les professionnels prenant en charge les enfants pouvant b\u00e9n\u00e9ficier d\u2019une inclusion sur le temps scolaire interpellent le gouvernement sur la politique actuelle.<\/p>\n\n\n\n<div data-wp-interactive=\"core\/file\" class=\"wp-block-file\"><object data-wp-bind--hidden=\"!state.hasPdfPreview\" hidden class=\"wp-block-file__embed\" data=\"https:\/\/snudifo34.fr\/wp-content\/uploads\/2026\/09\/Tract-UFAS-CGT-FNAS-FO-Pour-une-scolarisation-adaptee-aux-besoins-de-chaque-eleve-09-2026.pdf\" type=\"application\/pdf\" style=\"width:100%;height:600px\" aria-label=\"Contenu embarqu\u00e9 Tract UFAS CGT-FNAS FO Pour une scolarisation adapt\u00e9e aux besoins de chaque \u00e9l\u00e8ve-09-2026.\"><\/object><a id=\"wp-block-file--media-c3fd3394-dd16-40e3-9a85-3b79c8c04101\" href=\"https:\/\/snudifo34.fr\/wp-content\/uploads\/2026\/09\/Tract-UFAS-CGT-FNAS-FO-Pour-une-scolarisation-adaptee-aux-besoins-de-chaque-eleve-09-2026.pdf\">Tract UFAS CGT-FNAS FO Pour une scolarisation adapt\u00e9e aux besoins de chaque \u00e9l\u00e8ve-09-2026<\/a><a href=\"https:\/\/snudifo34.fr\/wp-content\/uploads\/2026\/09\/Tract-UFAS-CGT-FNAS-FO-Pour-une-scolarisation-adaptee-aux-besoins-de-chaque-eleve-09-2026.pdf\" class=\"wp-block-file__button wp-element-button\" download aria-describedby=\"wp-block-file--media-c3fd3394-dd16-40e3-9a85-3b79c8c04101\">T\u00e9l\u00e9charger<\/a><\/div>\n","protected":false},"excerpt":{"rendered":"<div class=\"mh-excerpt\"><p>L\u2019Union F\u00e9d\u00e9rale de l\u2019Action sociale CGT et F\u00e9d\u00e9ration Nationale Action Sociale FO repr\u00e9sentent les professionnels prenant en charge les enfants pouvant b\u00e9n\u00e9ficier d\u2019une inclusion sur <a class=\"mh-excerpt-more\" href=\"https:\/\/snudifo34.fr\/index.php\/2026\/09\/05\/pour-une-scolarisation-adaptee-aux-besoins-de-chaque-eleve-mobilisons-nous-sans-attendre\/\" title=\"Pour une scolarisation adapt\u00e9e aux besoins de chaque \u00e9l\u00e8ve, MOBILISONS-NOUS SANS ATTENDRE !\">[&#8230;]<\/a><\/p>\n<\/div>","protected":false},"author":1,"featured_media":0,"comment_status":"closed","ping_status":"closed","sticky":false,"template":"","format":"standard","meta":{"cybocfi_hide_featured_image":"","footnotes":""},"categories":[15,306,307,292],"tags":[481,163,487],"class_list":["post-8267","post","type-post","status-publish","format-standard","hentry","category-communiques","category-defense-de-lecole","category-inclusion","category-le-syndicat","tag-defense-de-lenseignement-specialise-2","tag-inclusion-scolaire","tag-revendications"],"_links":{"self":[{"href":"https:\/\/snudifo34.fr\/index.php\/wp-json\/wp\/v2\/posts\/8267","targetHints":{"allow":["GET"]}}],"collection":[{"href":"https:\/\/snudifo34.fr\/index.php\/wp-json\/wp\/v2\/posts"}],"about":[{"href":"https:\/\/snudifo34.fr\/index.php\/wp-json\/wp\/v2\/types\/post"}],"author":[{"embeddable":true,"href":"https:\/\/snudifo34.fr\/index.php\/wp-json\/wp\/v2\/users\/1"}],"replies":[{"embeddable":true,"href":"https:\/\/snudifo34.fr\/index.php\/wp-json\/wp\/v2\/comments?post=8267"}],"version-history":[{"count":1,"href":"https:\/\/snudifo34.fr\/index.php\/wp-json\/wp\/v2\/posts\/8267\/revisions"}],"predecessor-version":[{"id":8269,"href":"https:\/\/snudifo34.fr\/index.php\/wp-json\/wp\/v2\/posts\/8267\/revisions\/8269"}],"wp:attachment":[{"href":"https:\/\/snudifo34.fr\/index.php\/wp-json\/wp\/v2\/media?parent=8267"}],"wp:term":[{"taxonomy":"category","embeddable":true,"href":"https:\/\/snudifo34.fr\/index.php\/wp-json\/wp\/v2\/categories?post=8267"},{"taxonomy":"post_tag","embeddable":true,"href":"https:\/\/snudifo34.fr\/index.php\/wp-json\/wp\/v2\/tags?post=8267"}],"curies":[{"name":"wp","href":"https:\/\/api.w.org\/{rel}","templated":true}]}}