{"id":8272,"date":"2026-09-05T12:10:21","date_gmt":"2026-09-05T10:10:21","guid":{"rendered":"https:\/\/snudifo34.fr\/?p=8272"},"modified":"2026-09-05T12:10:21","modified_gmt":"2026-09-05T10:10:21","slug":"rassemblement-mercredi-16-septembre-a-14h-devant-le-ministere-pour-le-recrutement-immediat-de-tous-les-candidats-inscrits-sur-les-listes-complementaires","status":"publish","type":"post","link":"https:\/\/snudifo34.fr\/index.php\/2026\/09\/05\/rassemblement-mercredi-16-septembre-a-14h-devant-le-ministere-pour-le-recrutement-immediat-de-tous-les-candidats-inscrits-sur-les-listes-complementaires\/","title":{"rendered":"Rassemblement mercredi 16 septembre \u00e0 14h devant le minist\u00e8re pour le recrutement imm\u00e9diat de tous les candidats inscrits sur les listes compl\u00e9mentaires !"},"content":{"rendered":"\n<p class=\"wp-block-paragraph\">La rentr\u00e9e scolaire est plac\u00e9e sous le signe des suppressions de postes d\u00e9cid\u00e9es dans le cadre du budget Macron-Lecornu : partout les classes ferment, les rempla\u00e7ants manquent !<\/p>\n\n\n\n<div data-wp-interactive=\"core\/file\" class=\"wp-block-file\"><object data-wp-bind--hidden=\"!state.hasPdfPreview\" hidden class=\"wp-block-file__embed\" data=\"https:\/\/snudifo34.fr\/wp-content\/uploads\/2026\/09\/260903-communique-SNUDI-FO-LC.pdf\" type=\"application\/pdf\" style=\"width:100%;height:600px\" aria-label=\"Contenu embarqu\u00e9 260903 communique SNUDI-FO LC.\"><\/object><a id=\"wp-block-file--media-89cd10cd-3815-47d9-8f7c-2d4f4165338c\" href=\"https:\/\/snudifo34.fr\/wp-content\/uploads\/2026\/09\/260903-communique-SNUDI-FO-LC.pdf\">260903 communique SNUDI-FO LC<\/a><a href=\"https:\/\/snudifo34.fr\/wp-content\/uploads\/2026\/09\/260903-communique-SNUDI-FO-LC.pdf\" class=\"wp-block-file__button wp-element-button\" download aria-describedby=\"wp-block-file--media-89cd10cd-3815-47d9-8f7c-2d4f4165338c\">T\u00e9l\u00e9charger<\/a><\/div>\n\n\n\n<figure class=\"wp-block-image size-large\"><img loading=\"lazy\" decoding=\"async\" width=\"683\" height=\"1024\" src=\"https:\/\/snudifo34.fr\/wp-content\/uploads\/2026\/09\/VisuelLC260916-683x1024.png\" alt=\"\" class=\"wp-image-8274\" srcset=\"https:\/\/snudifo34.fr\/wp-content\/uploads\/2026\/09\/VisuelLC260916-683x1024.png 683w, https:\/\/snudifo34.fr\/wp-content\/uploads\/2026\/09\/VisuelLC260916-200x300.png 200w, https:\/\/snudifo34.fr\/wp-content\/uploads\/2026\/09\/VisuelLC260916-768x1152.png 768w, https:\/\/snudifo34.fr\/wp-content\/uploads\/2026\/09\/VisuelLC260916.png 1024w\" sizes=\"auto, (max-width: 683px) 100vw, 683px\" \/><\/figure>\n","protected":false},"excerpt":{"rendered":"<div class=\"mh-excerpt\"><p>La rentr\u00e9e scolaire est plac\u00e9e sous le signe des suppressions de postes d\u00e9cid\u00e9es dans le cadre du budget Macron-Lecornu : partout les classes ferment, les <a class=\"mh-excerpt-more\" href=\"https:\/\/snudifo34.fr\/index.php\/2026\/09\/05\/rassemblement-mercredi-16-septembre-a-14h-devant-le-ministere-pour-le-recrutement-immediat-de-tous-les-candidats-inscrits-sur-les-listes-complementaires\/\" title=\"Rassemblement mercredi 16 septembre \u00e0 14h devant le minist\u00e8re pour le recrutement imm\u00e9diat de tous les candidats inscrits sur les listes compl\u00e9mentaires !\">[&#8230;]<\/a><\/p>\n<\/div>","protected":false},"author":1,"featured_media":0,"comment_status":"closed","ping_status":"closed","sticky":false,"template":"","format":"standard","meta":{"cybocfi_hide_featured_image":"","footnotes":""},"categories":[15,306,292],"tags":[52,538,487],"class_list":["post-8272","post","type-post","status-publish","format-standard","hentry","category-communiques","category-defense-de-lecole","category-le-syndicat","tag-liste-complementaire","tag-non-au-budget-de-guerre","tag-revendications"],"_links":{"self":[{"href":"https:\/\/snudifo34.fr\/index.php\/wp-json\/wp\/v2\/posts\/8272","targetHints":{"allow":["GET"]}}],"collection":[{"href":"https:\/\/snudifo34.fr\/index.php\/wp-json\/wp\/v2\/posts"}],"about":[{"href":"https:\/\/snudifo34.fr\/index.php\/wp-json\/wp\/v2\/types\/post"}],"author":[{"embeddable":true,"href":"https:\/\/snudifo34.fr\/index.php\/wp-json\/wp\/v2\/users\/1"}],"replies":[{"embeddable":true,"href":"https:\/\/snudifo34.fr\/index.php\/wp-json\/wp\/v2\/comments?post=8272"}],"version-history":[{"count":1,"href":"https:\/\/snudifo34.fr\/index.php\/wp-json\/wp\/v2\/posts\/8272\/revisions"}],"predecessor-version":[{"id":8275,"href":"https:\/\/snudifo34.fr\/index.php\/wp-json\/wp\/v2\/posts\/8272\/revisions\/8275"}],"wp:attachment":[{"href":"https:\/\/snudifo34.fr\/index.php\/wp-json\/wp\/v2\/media?parent=8272"}],"wp:term":[{"taxonomy":"category","embeddable":true,"href":"https:\/\/snudifo34.fr\/index.php\/wp-json\/wp\/v2\/categories?post=8272"},{"taxonomy":"post_tag","embeddable":true,"href":"https:\/\/snudifo34.fr\/index.php\/wp-json\/wp\/v2\/tags?post=8272"}],"curies":[{"name":"wp","href":"https:\/\/api.w.org\/{rel}","templated":true}]}}