{"id":8279,"date":"2026-09-05T12:22:22","date_gmt":"2026-09-05T10:22:22","guid":{"rendered":"https:\/\/snudifo34.fr\/?p=8279"},"modified":"2026-09-05T12:22:22","modified_gmt":"2026-09-05T10:22:22","slug":"temps-partiel-therapeutique-des-changements-a-connaitre-des-droits-a-defendre-fo-explique","status":"publish","type":"post","link":"https:\/\/snudifo34.fr\/index.php\/2026\/09\/05\/temps-partiel-therapeutique-des-changements-a-connaitre-des-droits-a-defendre-fo-explique\/","title":{"rendered":"Temps Partiel Th\u00e9rapeutique : des changements \u00e0 conna\u00eetre, des droits \u00e0 d\u00e9fendre &#8211; FO explique"},"content":{"rendered":"\n<p class=\"wp-block-paragraph\">Le d\u00e9cret relatif aux cong\u00e9s pour raisons de sant\u00e9 modifie la proc\u00e9dure du temps partiel<br>th\u00e9rapeutique. La FGF-FO le rappelle fermement : le TPT n&rsquo;est pas une faveur de l&rsquo;Administration, ni un outil de gestion des absences. C&rsquo;est un dispositif de sant\u00e9 au travail, destin\u00e9 \u00e0 permettre \u00e0 un agent fragilis\u00e9 de reprendre ou de maintenir son activit\u00e9 sans mettre sa sant\u00e9 en danger.<\/p>\n\n\n\n<div data-wp-interactive=\"core\/file\" class=\"wp-block-file\"><object data-wp-bind--hidden=\"!state.hasPdfPreview\" hidden class=\"wp-block-file__embed\" data=\"https:\/\/snudifo34.fr\/wp-content\/uploads\/2026\/09\/2026-08-14-FGF-TPT-Nouveau_decret.pdf\" type=\"application\/pdf\" style=\"width:100%;height:600px\" aria-label=\"Contenu embarqu\u00e9 2026-08-14-FGF-TPT-Nouveau_decret.\"><\/object><a id=\"wp-block-file--media-ca26d6a3-6f50-4bdc-a297-2e4116847859\" href=\"https:\/\/snudifo34.fr\/wp-content\/uploads\/2026\/09\/2026-08-14-FGF-TPT-Nouveau_decret.pdf\">2026-08-14-FGF-TPT-Nouveau_decret<\/a><a href=\"https:\/\/snudifo34.fr\/wp-content\/uploads\/2026\/09\/2026-08-14-FGF-TPT-Nouveau_decret.pdf\" class=\"wp-block-file__button wp-element-button\" download aria-describedby=\"wp-block-file--media-ca26d6a3-6f50-4bdc-a297-2e4116847859\">T\u00e9l\u00e9charger<\/a><\/div>\n","protected":false},"excerpt":{"rendered":"<div class=\"mh-excerpt\"><p>Le d\u00e9cret relatif aux cong\u00e9s pour raisons de sant\u00e9 modifie la proc\u00e9dure du temps partielth\u00e9rapeutique. La FGF-FO le rappelle fermement : le TPT n&rsquo;est pas <a class=\"mh-excerpt-more\" href=\"https:\/\/snudifo34.fr\/index.php\/2026\/09\/05\/temps-partiel-therapeutique-des-changements-a-connaitre-des-droits-a-defendre-fo-explique\/\" title=\"Temps Partiel Th\u00e9rapeutique : des changements \u00e0 conna\u00eetre, des droits \u00e0 d\u00e9fendre &#8211; FO explique\">[&#8230;]<\/a><\/p>\n<\/div>","protected":false},"author":1,"featured_media":0,"comment_status":"closed","ping_status":"closed","sticky":false,"template":"","format":"standard","meta":{"cybocfi_hide_featured_image":"","footnotes":""},"categories":[28,70,15,303,305,292,302,113,471,310,112,296],"tags":[],"class_list":["post-8279","post","type-post","status-publish","format-standard","hentry","category-aesh","category-carriere","category-communiques","category-contractuels","category-directeurs","category-le-syndicat","category-pe","category-personnels","category-psyen","category-remplacants-trs-zil-brigade","category-stagiaires","category-tp-dispo"],"_links":{"self":[{"href":"https:\/\/snudifo34.fr\/index.php\/wp-json\/wp\/v2\/posts\/8279","targetHints":{"allow":["GET"]}}],"collection":[{"href":"https:\/\/snudifo34.fr\/index.php\/wp-json\/wp\/v2\/posts"}],"about":[{"href":"https:\/\/snudifo34.fr\/index.php\/wp-json\/wp\/v2\/types\/post"}],"author":[{"embeddable":true,"href":"https:\/\/snudifo34.fr\/index.php\/wp-json\/wp\/v2\/users\/1"}],"replies":[{"embeddable":true,"href":"https:\/\/snudifo34.fr\/index.php\/wp-json\/wp\/v2\/comments?post=8279"}],"version-history":[{"count":1,"href":"https:\/\/snudifo34.fr\/index.php\/wp-json\/wp\/v2\/posts\/8279\/revisions"}],"predecessor-version":[{"id":8281,"href":"https:\/\/snudifo34.fr\/index.php\/wp-json\/wp\/v2\/posts\/8279\/revisions\/8281"}],"wp:attachment":[{"href":"https:\/\/snudifo34.fr\/index.php\/wp-json\/wp\/v2\/media?parent=8279"}],"wp:term":[{"taxonomy":"category","embeddable":true,"href":"https:\/\/snudifo34.fr\/index.php\/wp-json\/wp\/v2\/categories?post=8279"},{"taxonomy":"post_tag","embeddable":true,"href":"https:\/\/snudifo34.fr\/index.php\/wp-json\/wp\/v2\/tags?post=8279"}],"curies":[{"name":"wp","href":"https:\/\/api.w.org\/{rel}","templated":true}]}}