{"id":8285,"date":"2026-09-05T12:28:06","date_gmt":"2026-09-05T10:28:06","guid":{"rendered":"https:\/\/snudifo34.fr\/?p=8285"},"modified":"2026-09-05T13:57:08","modified_gmt":"2026-09-05T11:57:08","slug":"36-milliards-de-pour-la-guerre-et-10-millions-de-pour-proteger-les-ecoles-face-a-la-canicule","status":"publish","type":"post","link":"https:\/\/snudifo34.fr\/index.php\/2026\/09\/05\/36-milliards-de-pour-la-guerre-et-10-millions-de-pour-proteger-les-ecoles-face-a-la-canicule\/","title":{"rendered":"36 milliards d\u2019\u20ac pour la guerre et \u202610 millions d\u2019\u20ac pour prot\u00e9ger les \u00e9coles face \u00e0 la canicule !"},"content":{"rendered":"\n<p class=\"wp-block-paragraph\">Chaque ann\u00e9e les vagues de canicule se font plus intenses, les personnels et les \u00e9l\u00e8ves sont soumis \u00e0 des situations insoutenables dans leurs \u00e9coles, au m\u00e9pris de leur sant\u00e9. Le mois de juin dernier en a encore \u00e9t\u00e9 la terrible illustration.<\/p>\n\n\n\n<div data-wp-interactive=\"core\/file\" class=\"wp-block-file\"><object data-wp-bind--hidden=\"!state.hasPdfPreview\" hidden class=\"wp-block-file__embed\" data=\"https:\/\/snudifo34.fr\/wp-content\/uploads\/2026\/09\/260902-communique-SNUDI-FO-rentree-1.pdf\" type=\"application\/pdf\" style=\"width:100%;height:600px\" aria-label=\"Contenu embarqu\u00e9 260902 communique SNUDI-FO rentree.\"><\/object><a id=\"wp-block-file--media-0b09601c-7625-4685-abf7-cfe9707452d7\" href=\"https:\/\/snudifo34.fr\/wp-content\/uploads\/2026\/09\/260902-communique-SNUDI-FO-rentree-1.pdf\">260902 communique SNUDI-FO rentree<\/a><a href=\"https:\/\/snudifo34.fr\/wp-content\/uploads\/2026\/09\/260902-communique-SNUDI-FO-rentree-1.pdf\" class=\"wp-block-file__button wp-element-button\" download aria-describedby=\"wp-block-file--media-0b09601c-7625-4685-abf7-cfe9707452d7\">T\u00e9l\u00e9charger<\/a><\/div>\n\n\n\n<p class=\"wp-block-paragraph\"><\/p>\n","protected":false},"excerpt":{"rendered":"<div class=\"mh-excerpt\"><p>Chaque ann\u00e9e les vagues de canicule se font plus intenses, les personnels et les \u00e9l\u00e8ves sont soumis \u00e0 des situations insoutenables dans leurs \u00e9coles, au <a class=\"mh-excerpt-more\" href=\"https:\/\/snudifo34.fr\/index.php\/2026\/09\/05\/36-milliards-de-pour-la-guerre-et-10-millions-de-pour-proteger-les-ecoles-face-a-la-canicule\/\" title=\"36 milliards d\u2019\u20ac pour la guerre et \u202610 millions d\u2019\u20ac pour prot\u00e9ger les \u00e9coles face \u00e0 la canicule !\">[&#8230;]<\/a><\/p>\n<\/div>","protected":false},"author":1,"featured_media":0,"comment_status":"closed","ping_status":"closed","sticky":false,"template":"","format":"standard","meta":{"cybocfi_hide_featured_image":"","footnotes":""},"categories":[28,15,303,306,305,292,302,113,471,310,112],"tags":[102,105,517,538,487],"class_list":["post-8285","post","type-post","status-publish","format-standard","hentry","category-aesh","category-communiques","category-contractuels","category-defense-de-lecole","category-directeurs","category-le-syndicat","category-pe","category-personnels","category-psyen","category-remplacants-trs-zil-brigade","category-stagiaires","tag-aesh","tag-augmentation-des-salaires","tag-non-a-la-guerre","tag-non-au-budget-de-guerre","tag-revendications"],"_links":{"self":[{"href":"https:\/\/snudifo34.fr\/index.php\/wp-json\/wp\/v2\/posts\/8285","targetHints":{"allow":["GET"]}}],"collection":[{"href":"https:\/\/snudifo34.fr\/index.php\/wp-json\/wp\/v2\/posts"}],"about":[{"href":"https:\/\/snudifo34.fr\/index.php\/wp-json\/wp\/v2\/types\/post"}],"author":[{"embeddable":true,"href":"https:\/\/snudifo34.fr\/index.php\/wp-json\/wp\/v2\/users\/1"}],"replies":[{"embeddable":true,"href":"https:\/\/snudifo34.fr\/index.php\/wp-json\/wp\/v2\/comments?post=8285"}],"version-history":[{"count":3,"href":"https:\/\/snudifo34.fr\/index.php\/wp-json\/wp\/v2\/posts\/8285\/revisions"}],"predecessor-version":[{"id":8289,"href":"https:\/\/snudifo34.fr\/index.php\/wp-json\/wp\/v2\/posts\/8285\/revisions\/8289"}],"wp:attachment":[{"href":"https:\/\/snudifo34.fr\/index.php\/wp-json\/wp\/v2\/media?parent=8285"}],"wp:term":[{"taxonomy":"category","embeddable":true,"href":"https:\/\/snudifo34.fr\/index.php\/wp-json\/wp\/v2\/categories?post=8285"},{"taxonomy":"post_tag","embeddable":true,"href":"https:\/\/snudifo34.fr\/index.php\/wp-json\/wp\/v2\/tags?post=8285"}],"curies":[{"name":"wp","href":"https:\/\/api.w.org\/{rel}","templated":true}]}}