{"id":8290,"date":"2026-09-05T13:59:40","date_gmt":"2026-09-05T11:59:40","guid":{"rendered":"https:\/\/snudifo34.fr\/?p=8290"},"modified":"2026-09-05T13:59:40","modified_gmt":"2026-09-05T11:59:40","slug":"rentree-2026-soutien-aux-personnels-mobilises-pour-leurs-revendications","status":"publish","type":"post","link":"https:\/\/snudifo34.fr\/index.php\/2026\/09\/05\/rentree-2026-soutien-aux-personnels-mobilises-pour-leurs-revendications\/","title":{"rendered":"Rentr\u00e9e 2026 : soutien aux personnels mobilis\u00e9s pour leurs revendications !"},"content":{"rendered":"\n<p class=\"wp-block-paragraph\">Les mobilisations qui se sont multipli\u00e9es dans tout le pays jusqu\u2019au mois de juillet, le plus souvent avec les parents, les jeunes, pour d\u00e9fendre les postes, les classes, les revendications, ont reprisd\u00e8s la rentr\u00e9e, avec dans plusieurs cas, la victoire \u00e0 la cl\u00e9 !<\/p>\n\n\n\n<div data-wp-interactive=\"core\/file\" class=\"wp-block-file\"><object data-wp-bind--hidden=\"!state.hasPdfPreview\" hidden class=\"wp-block-file__embed\" data=\"https:\/\/snudifo34.fr\/wp-content\/uploads\/2026\/09\/26-09-05-Rentree-2026-soutien-aux-personnels-mobilises-pour-leurs-revendications.pdf\" type=\"application\/pdf\" style=\"width:100%;height:600px\" aria-label=\"Contenu embarqu\u00e9 26 09 05 - Rentr\u00e9e 2026 - soutien aux personnels mobilis\u00e9s pour leurs revendications.\"><\/object><a id=\"wp-block-file--media-a0906bdf-9ac7-4494-93cb-aa1a9d0cbb88\" href=\"https:\/\/snudifo34.fr\/wp-content\/uploads\/2026\/09\/26-09-05-Rentree-2026-soutien-aux-personnels-mobilises-pour-leurs-revendications.pdf\">26 09 05 &#8211; Rentr\u00e9e 2026 &#8211; soutien aux personnels mobilis\u00e9s pour leurs revendications<\/a><a href=\"https:\/\/snudifo34.fr\/wp-content\/uploads\/2026\/09\/26-09-05-Rentree-2026-soutien-aux-personnels-mobilises-pour-leurs-revendications.pdf\" class=\"wp-block-file__button wp-element-button\" download aria-describedby=\"wp-block-file--media-a0906bdf-9ac7-4494-93cb-aa1a9d0cbb88\">T\u00e9l\u00e9charger<\/a><\/div>\n","protected":false},"excerpt":{"rendered":"<div class=\"mh-excerpt\"><p>Les mobilisations qui se sont multipli\u00e9es dans tout le pays jusqu\u2019au mois de juillet, le plus souvent avec les parents, les jeunes, pour d\u00e9fendre les <a class=\"mh-excerpt-more\" href=\"https:\/\/snudifo34.fr\/index.php\/2026\/09\/05\/rentree-2026-soutien-aux-personnels-mobilises-pour-leurs-revendications\/\" title=\"Rentr\u00e9e 2026 : soutien aux personnels mobilis\u00e9s pour leurs revendications !\">[&#8230;]<\/a><\/p>\n<\/div>","protected":false},"author":1,"featured_media":0,"comment_status":"closed","ping_status":"closed","sticky":false,"template":"","format":"standard","meta":{"cybocfi_hide_featured_image":"","footnotes":""},"categories":[28,15,306,305,292,302,113,310],"tags":[107,59,538,487],"class_list":["post-8290","post","type-post","status-publish","format-standard","hentry","category-aesh","category-communiques","category-defense-de-lecole","category-directeurs","category-le-syndicat","category-pe","category-personnels","category-remplacants-trs-zil-brigade","tag-carte-scolaire","tag-greve","tag-non-au-budget-de-guerre","tag-revendications"],"_links":{"self":[{"href":"https:\/\/snudifo34.fr\/index.php\/wp-json\/wp\/v2\/posts\/8290","targetHints":{"allow":["GET"]}}],"collection":[{"href":"https:\/\/snudifo34.fr\/index.php\/wp-json\/wp\/v2\/posts"}],"about":[{"href":"https:\/\/snudifo34.fr\/index.php\/wp-json\/wp\/v2\/types\/post"}],"author":[{"embeddable":true,"href":"https:\/\/snudifo34.fr\/index.php\/wp-json\/wp\/v2\/users\/1"}],"replies":[{"embeddable":true,"href":"https:\/\/snudifo34.fr\/index.php\/wp-json\/wp\/v2\/comments?post=8290"}],"version-history":[{"count":1,"href":"https:\/\/snudifo34.fr\/index.php\/wp-json\/wp\/v2\/posts\/8290\/revisions"}],"predecessor-version":[{"id":8292,"href":"https:\/\/snudifo34.fr\/index.php\/wp-json\/wp\/v2\/posts\/8290\/revisions\/8292"}],"wp:attachment":[{"href":"https:\/\/snudifo34.fr\/index.php\/wp-json\/wp\/v2\/media?parent=8290"}],"wp:term":[{"taxonomy":"category","embeddable":true,"href":"https:\/\/snudifo34.fr\/index.php\/wp-json\/wp\/v2\/categories?post=8290"},{"taxonomy":"post_tag","embeddable":true,"href":"https:\/\/snudifo34.fr\/index.php\/wp-json\/wp\/v2\/tags?post=8290"}],"curies":[{"name":"wp","href":"https:\/\/api.w.org\/{rel}","templated":true}]}}